{"id":10100804,"date":"2023-03-23T17:45:00","date_gmt":"2023-03-23T17:45:00","guid":{"rendered":"http:\/\/www.projektwrzesnia.pl\/wordpress\/?p=10100804"},"modified":"2023-03-28T17:45:23","modified_gmt":"2023-03-28T17:45:23","slug":"xlii-sesja-rady-miejskiej-we-wrzesni","status":"publish","type":"post","link":"https:\/\/www.projektwrzesnia.pl\/wordpress\/10100804\/","title":{"rendered":"XLII Sesja Rady Miejskiej we Wrze\u015bni"},"content":{"rendered":"\n<p>Dzisiaj rano odby\u0142a si\u0119 XLII Sesja Rady Miejskiej we Wrze\u015bni. Obrady trwa\u0142y prawie 2 godziny. Porz\u0105dek obrad obejmowa\u0142 ponad 20 uchwa\u0142, w tym wiele istotnych z punktu widzenia mieszka\u0144c\u00f3w.<\/p>\n\n\n\n<p>Najwi\u0119cej dyskusji wywo\u0142a\u0142a uchwa\u0142a w sprawie wyra\u017cenia zgody na oddanie w nieodp\u0142atne u\u017cytkowanie na czas nieoznaczony dzia\u0142ki gminnej znajduj\u0105cej si\u0119 pomi\u0119dzy ulica Spokojn\u0105 a \u015amidowicz na rzecz stworzenia tam Rodzinnych Ogr\u00f3dk\u00f3w Dzia\u0142kowych. Od 2019 roku wnosili\u015bmy, aby w tym miejscu stworzy\u0107 park dla mieszka\u0144c\u00f3w. Ratusz torpedowa\u0142 nasze pomys\u0142y, powo\u0142uj\u0105c si\u0119 mi\u0119dzy innymi na nieuregulowany stan prawny tej nieruchomo\u015bci oraz roszczenia os\u00f3b trzecich. Dzisiaj okaza\u0142o si\u0119, \u017ce jednak mo\u017cna tam urz\u0105dzi\u0107 teren zielony. Ten pomys\u0142 poparli\u015bmy. W trakcie procedowania tej uchwa\u0142y wnie\u015bli\u015bmy propozycj\u0119 zwi\u0119kszenia powierzchni teren\u00f3w przeznaczonych pod ogr\u00f3dki dzia\u0142kowe. Niestety radni z Unii Wrze\u015bnian, PO i PiS byli przeciw.<\/p>\n\n\n\n<p>Pod obrady wnie\u015bli\u015bmy w\u0142asn\u0105 uchwa\u0142\u0119 w sprawie przyst\u0105pienia do sporz\u0105dzenia zmiany miejscowego planu zagospodarowania przestrzennego dla teren\u00f3w pod budownictwo mieszkaniowe i us\u0142ugowe w rejonie ul. Szosa Witkowska i projektowanej obwodnicy drogi krajowej nr 15 we Wrze\u015bni, Gutowie Ma\u0142ym i Gutowie Wielkim. Chodzi o teren w okolicach ulicy Strzyka\u0142y i So\u0142tysiaka. Zgodnie z wol\u0105 wi\u0119kszo\u015bci w\u0142a\u015bcicieli chcieli\u015bmy, \u017ceby ten teren m\u00f3g\u0142 rozwija\u0107 si\u0119 w kierunku mieszkaniowym, st\u0105d poprosili\u015bmy o zapis umo\u017cliwiaj\u0105cy realizacj\u0119 w tamtym terenie budownictwa mieszkaniowego jednorodzinnego i wielorodzinnego (bloki). Zmiana ta pozwoli\u0142aby zwi\u0119kszy\u0107 poda\u017c dzia\u0142ek budowlanych w mie\u015bcie i pozytywnie wp\u0142yn\u0119\u0142aby na sytuacj\u0119 mieszka\u0144c\u00f3w, zw\u0142aszcza m\u0142odych rodzin. Niestety radni z Unii Wrze\u015bnian, PO i PiS byli przeciw.<\/p>\n\n\n\n<p>Warto r\u00f3wnie\u017c wspomnie\u0107, \u017ce mieszka\u0144cy teren\u00f3w wiejskich otrzymali nowe statuty So\u0142ectw. Sprawa ta trwa\u0142a bardzo d\u0142ugo. Pisali\u015bmy ju\u017c o tym <a href=\"https:\/\/www.projektwrzesnia.pl\/wordpress\/623\/\" data-type=\"URL\" data-id=\"https:\/\/www.projektwrzesnia.pl\/wordpress\/623\/\">tutaj<\/a>. Chcieli\u015bmy, aby przyj\u0119cie statut\u00f3w poprzedzone by\u0142o dyskusjami i konsultacjami spo\u0142ecznymi. Tak si\u0119 te\u017c sta\u0142o. W ca\u0142ej kilkuletniej procedurze uwzgl\u0119dniono sporo naszych uwag do tekstu statut\u00f3w. Dzisiaj ca\u0142y proces znalaz\u0142 sw\u00f3j szcz\u0119\u015bliwy fina\u0142.<\/p>\n\n\n\n<p>Jedna z procedowanych dzisiaj uchwa\u0142 dotyczy\u0142a zasad udzielania, trybu post\u0119powania i sposobu rozliczania dotacji celowej dla sp\u00f3\u0142ek wodnych. W rozwi\u0105zaniu tym chodzi, aby w spos\u00f3b optymalny dzia\u0142a\u0107 na rzecz melioracji. W uchwale przyj\u0119to, \u017ce dotacje dla sp\u00f3\u0142ek wodnych mog\u0105 wynie\u015b\u0107 maksymalnie 40 tys. z\u0142. W naszym rozwi\u0105zaniu by\u0142o to 60 tys. z\u0142. Niestety radni z Unii Wrze\u015bnian, PO i PiS byli przeciw.<\/p>\n\n\n\n<p>Pozosta\u0142e uchwa\u0142y dotyczy\u0142y mi\u0119dzy innymi dotacji na zabytki (renowacja witra\u017cy w XVIII-wiecznym ko\u015bciele w Bardzie), miejscowego planu zagospodarowania przestrzennego w Otocznej (obok fabryki NEPA) oraz w W\u0119gierkach (obok Hotelu W\u0119gierki). Podj\u0119to r\u00f3wnie\u017c decyzj\u0119 o przyst\u0105pieniu do opracowania miejscowego planu zagospodarowania przestrzennego dla Przyborek \u2013 rejon ulicy Bocznej i ulicy Miodowej.<\/p>\n\n\n\n<p>Pojawi\u0142y si\u0119 r\u00f3wnie\u017c zmiany bud\u017cetowe, w tym dodatkowe \u015brodki w wysoko\u015bci 70 tys. z\u0142 na stypendia i nagrody dla sportowc\u00f3w i trener\u00f3w. O zwi\u0119kszenie tych \u015brodk\u00f3w od dawna zabiega\u0142 Bogumi\u0142 Kwiatkowski, poniewa\u017c dotychczasowa kwota przeznaczona na ten cel by\u0142a niewystarczaj\u0105ca.<\/p>\n","protected":false},"excerpt":{"rendered":"<p>Dzisiaj rano odby\u0142a si\u0119 XLII Sesja Rady Miejskiej we Wrze\u015bni. Obrady trwa\u0142y dwie godziny. Porz\u0105dek obrad obejmowa\u0142 ponad dwadzie\u015bcia uchwa\u0142, w tym wiele istotnych z punktu widzenia mieszka\u0144c\u00f3w.<\/p>\n","protected":false},"author":1,"featured_media":10100800,"comment_status":"open","ping_status":"open","sticky":false,"template":"","format":"standard","meta":{"_acf_changed":false,"footnotes":""},"categories":[15],"tags":[],"class_list":["post-10100804","post","type-post","status-publish","format-standard","has-post-thumbnail","hentry","category-15"],"acf":[],"_links":{"self":[{"href":"https:\/\/www.projektwrzesnia.pl\/wordpress\/wp-json\/wp\/v2\/posts\/10100804","targetHints":{"allow":["GET"]}}],"collection":[{"href":"https:\/\/www.projektwrzesnia.pl\/wordpress\/wp-json\/wp\/v2\/posts"}],"about":[{"href":"https:\/\/www.projektwrzesnia.pl\/wordpress\/wp-json\/wp\/v2\/types\/post"}],"author":[{"embeddable":true,"href":"https:\/\/www.projektwrzesnia.pl\/wordpress\/wp-json\/wp\/v2\/users\/1"}],"replies":[{"embeddable":true,"href":"https:\/\/www.projektwrzesnia.pl\/wordpress\/wp-json\/wp\/v2\/comments?post=10100804"}],"version-history":[{"count":1,"href":"https:\/\/www.projektwrzesnia.pl\/wordpress\/wp-json\/wp\/v2\/posts\/10100804\/revisions"}],"predecessor-version":[{"id":10100805,"href":"https:\/\/www.projektwrzesnia.pl\/wordpress\/wp-json\/wp\/v2\/posts\/10100804\/revisions\/10100805"}],"wp:featuredmedia":[{"embeddable":true,"href":"https:\/\/www.projektwrzesnia.pl\/wordpress\/wp-json\/wp\/v2\/media\/10100800"}],"wp:attachment":[{"href":"https:\/\/www.projektwrzesnia.pl\/wordpress\/wp-json\/wp\/v2\/media?parent=10100804"}],"wp:term":[{"taxonomy":"category","embeddable":true,"href":"https:\/\/www.projektwrzesnia.pl\/wordpress\/wp-json\/wp\/v2\/categories?post=10100804"},{"taxonomy":"post_tag","embeddable":true,"href":"https:\/\/www.projektwrzesnia.pl\/wordpress\/wp-json\/wp\/v2\/tags?post=10100804"}],"curies":[{"name":"wp","href":"https:\/\/api.w.org\/{rel}","templated":true}]}}