{"id":10100899,"date":"2023-03-30T19:05:54","date_gmt":"2023-03-30T19:05:54","guid":{"rendered":"http:\/\/www.projektwrzesnia.pl\/wordpress\/?p=10100899"},"modified":"2023-03-31T20:22:51","modified_gmt":"2023-03-31T20:22:51","slug":"perturbacje-z-parkingiem-przy-dworcu-kolejowym","status":"publish","type":"post","link":"https:\/\/www.projektwrzesnia.pl\/wordpress\/10100899\/","title":{"rendered":"Perturbacje z parkingiem przy dworcu kolejowym"},"content":{"rendered":"\n<p>W pa\u017adzierniku zesz\u0142ego roku pisali\u015bmy o post\u0119pach w sprawie przekazania Gminie Wrze\u015bnia dzia\u0142ki przy dworcu kolejowym w celu wybudowania tam parkingu. Pisali\u015bmy o tym <strong><a href=\"https:\/\/www.projektwrzesnia.pl\/wordpress\/950\/\">tutaj<\/a><\/strong>. PKP S.A. wyst\u0105pi\u0142a, w\u00f3wczas &#8211; zgodnie z obowi\u0105zuj\u0105cymi w tym zakresie procedurami &#8211; do sp\u00f3\u0142ek grupy PKP o uzyskanie ich zgody na obr\u00f3t nowopowsta\u0142\u0105 dzia\u0142k\u0105 i mo\u017cliwo\u015b\u0107 przekazania jej Gminie Wrze\u015bnia. Uzgodnienie zaopiniowa\u0142y pozytywnie sp\u00f3\u0142ki: PKP CARGO S.A. oraz TK Telekom Sp. z o.o. W trakcie by\u0142o uzgodnienie z PKP PLK S.A.<\/p>\n\n\n\n<p>Niestety PKP PLK S.A. nie wyrazi\u0142o zgody. Takie stanowisko by\u0142o dla nas niezrozumia\u0142e, dlatego zwr\u00f3cili\u015bmy si\u0119 z wnioskiem o zmian\u0119 decyzji i wyra\u017cenie zgody na obr\u00f3t nieruchomo\u015bci\u0105. W ostatnich dniach przysz\u0142a odpowied\u017a, \u017ce \u201ePKP PLK S.A. podj\u0119\u0142a dzia\u0142ania umo\u017cliwiaj\u0105ce dokonanie przez PKP S.A. obrotu dzia\u0142k\u0105 ewidencyjn\u0105 nr 929\/37.\u201d<\/p>\n\n\n\n<p>Liczymy, \u017ce sprawy nabior\u0105 wreszcie odpowiedniego tempa.<\/p>\n","protected":false},"excerpt":{"rendered":"<p>Przekazanie dzia\u0142ki przy dworcu kolejowym na rzecz Gminy Wrze\u015bnia napotka\u0142o trudno\u015bci, ale uda\u0142o si\u0119 je przezwyci\u0119\u017cy\u0107. <\/p>\n","protected":false},"author":3,"featured_media":10100900,"comment_status":"open","ping_status":"open","sticky":false,"template":"","format":"standard","meta":{"_acf_changed":false,"footnotes":""},"categories":[43],"tags":[],"class_list":["post-10100899","post","type-post","status-publish","format-standard","has-post-thumbnail","hentry","category-aktualnosci"],"acf":[],"_links":{"self":[{"href":"https:\/\/www.projektwrzesnia.pl\/wordpress\/wp-json\/wp\/v2\/posts\/10100899","targetHints":{"allow":["GET"]}}],"collection":[{"href":"https:\/\/www.projektwrzesnia.pl\/wordpress\/wp-json\/wp\/v2\/posts"}],"about":[{"href":"https:\/\/www.projektwrzesnia.pl\/wordpress\/wp-json\/wp\/v2\/types\/post"}],"author":[{"embeddable":true,"href":"https:\/\/www.projektwrzesnia.pl\/wordpress\/wp-json\/wp\/v2\/users\/3"}],"replies":[{"embeddable":true,"href":"https:\/\/www.projektwrzesnia.pl\/wordpress\/wp-json\/wp\/v2\/comments?post=10100899"}],"version-history":[{"count":1,"href":"https:\/\/www.projektwrzesnia.pl\/wordpress\/wp-json\/wp\/v2\/posts\/10100899\/revisions"}],"predecessor-version":[{"id":10100901,"href":"https:\/\/www.projektwrzesnia.pl\/wordpress\/wp-json\/wp\/v2\/posts\/10100899\/revisions\/10100901"}],"wp:featuredmedia":[{"embeddable":true,"href":"https:\/\/www.projektwrzesnia.pl\/wordpress\/wp-json\/wp\/v2\/media\/10100900"}],"wp:attachment":[{"href":"https:\/\/www.projektwrzesnia.pl\/wordpress\/wp-json\/wp\/v2\/media?parent=10100899"}],"wp:term":[{"taxonomy":"category","embeddable":true,"href":"https:\/\/www.projektwrzesnia.pl\/wordpress\/wp-json\/wp\/v2\/categories?post=10100899"},{"taxonomy":"post_tag","embeddable":true,"href":"https:\/\/www.projektwrzesnia.pl\/wordpress\/wp-json\/wp\/v2\/tags?post=10100899"}],"curies":[{"name":"wp","href":"https:\/\/api.w.org\/{rel}","templated":true}]}}