{"id":10100931,"date":"2023-04-10T08:07:32","date_gmt":"2023-04-10T08:07:32","guid":{"rendered":"http:\/\/www.projektwrzesnia.pl\/wordpress\/?p=10100931"},"modified":"2023-04-10T08:07:33","modified_gmt":"2023-04-10T08:07:33","slug":"zajac-w-kolaczkowie-3","status":"publish","type":"post","link":"https:\/\/www.projektwrzesnia.pl\/wordpress\/10100931\/","title":{"rendered":"Zaj\u0105c w Ko\u0142aczkowie"},"content":{"rendered":"\n<p>Przed ka\u017cdymi \u015awi\u0119tami Wielkanocy staramy si\u0119 odwiedzi\u0107 O\u015brodek Wspomagania Dziecka i Rodziny w Ko\u0142aczkowie. Przywozimy w\u00f3wczas s\u0142odycze, owoce i \u015brodki chemiczne.<\/p>\n\n\n\n<p>Obecnie w plac\u00f3wce przebywa kilkunastu podopiecznych. Staramy si\u0119 pami\u0119ta\u0107 o ich potrzebach i w miar\u0119 mo\u017cliwo\u015bci wspiera\u0107. Wszystkich do tego zach\u0119camy!<\/p>\n","protected":false},"excerpt":{"rendered":"<p>Jak co roku nie mog\u0142o zabrakn\u0105\u0107 Zaj\u0105ca w Domu Dziecka w Ko\u0142aczkowie!<\/p>\n","protected":false},"author":3,"featured_media":10100935,"comment_status":"open","ping_status":"open","sticky":false,"template":"","format":"standard","meta":{"_acf_changed":false,"footnotes":""},"categories":[35],"tags":[],"class_list":["post-10100931","post","type-post","status-publish","format-standard","has-post-thumbnail","hentry","category-35"],"acf":[],"_links":{"self":[{"href":"https:\/\/www.projektwrzesnia.pl\/wordpress\/wp-json\/wp\/v2\/posts\/10100931","targetHints":{"allow":["GET"]}}],"collection":[{"href":"https:\/\/www.projektwrzesnia.pl\/wordpress\/wp-json\/wp\/v2\/posts"}],"about":[{"href":"https:\/\/www.projektwrzesnia.pl\/wordpress\/wp-json\/wp\/v2\/types\/post"}],"author":[{"embeddable":true,"href":"https:\/\/www.projektwrzesnia.pl\/wordpress\/wp-json\/wp\/v2\/users\/3"}],"replies":[{"embeddable":true,"href":"https:\/\/www.projektwrzesnia.pl\/wordpress\/wp-json\/wp\/v2\/comments?post=10100931"}],"version-history":[{"count":1,"href":"https:\/\/www.projektwrzesnia.pl\/wordpress\/wp-json\/wp\/v2\/posts\/10100931\/revisions"}],"predecessor-version":[{"id":10100933,"href":"https:\/\/www.projektwrzesnia.pl\/wordpress\/wp-json\/wp\/v2\/posts\/10100931\/revisions\/10100933"}],"wp:featuredmedia":[{"embeddable":true,"href":"https:\/\/www.projektwrzesnia.pl\/wordpress\/wp-json\/wp\/v2\/media\/10100935"}],"wp:attachment":[{"href":"https:\/\/www.projektwrzesnia.pl\/wordpress\/wp-json\/wp\/v2\/media?parent=10100931"}],"wp:term":[{"taxonomy":"category","embeddable":true,"href":"https:\/\/www.projektwrzesnia.pl\/wordpress\/wp-json\/wp\/v2\/categories?post=10100931"},{"taxonomy":"post_tag","embeddable":true,"href":"https:\/\/www.projektwrzesnia.pl\/wordpress\/wp-json\/wp\/v2\/tags?post=10100931"}],"curies":[{"name":"wp","href":"https:\/\/api.w.org\/{rel}","templated":true}]}}