{"id":10100953,"date":"2023-04-13T12:23:05","date_gmt":"2023-04-13T12:23:05","guid":{"rendered":"http:\/\/www.projektwrzesnia.pl\/wordpress\/?p=10100953"},"modified":"2023-04-13T12:36:09","modified_gmt":"2023-04-13T12:36:09","slug":"warsztaty-w-grzybowie","status":"publish","type":"post","link":"https:\/\/www.projektwrzesnia.pl\/wordpress\/10100953\/","title":{"rendered":"Warsztaty w Grzybowie"},"content":{"rendered":"\n<p>Ka\u017cda miejscowo\u015b\u0107 ma swoj\u0105 histori\u0119, kt\u00f3r\u0105 tworz\u0105 od wiek\u00f3w jej mieszka\u0144cy. Tak samo jest w Grzybowie. Warto wiedzie\u0107, \u017ce grodzisko to nie jedyna ciekawa rzecz. Sporo mo\u017cna r\u00f3wnie\u017c powiedzie\u0107 o historii wsi w XIX i XX wieku, zw\u0142aszcza o jej tradycjach i rozwoju. To cz\u0119\u015b\u0107 naszej kultury i o tym warto rozmawia\u0107!<\/p>\n\n\n\n<p>W tym celu zapraszamy pa\u0144stwa na spotkanie, kt\u00f3re odb\u0119dzie si\u0119 we wtorek (18 kwietnia) o godz. 18:30 w nowej sali wiejskiej w Grzybowie (obok szko\u0142y). W jego trakcie porozmawiamy w lu\u017anej i przyjemnej atmosferze o kulturze i historii Grzybowa. B\u0119dzie to okazja do jej ponownego o\u017cywienia. W trakcie naszego spotkania pos\u0142uchamy o tym jak dawni mieszka\u0144cy Grzybowa tworzyli kultur\u0119 i jak ta miejscowo\u015b\u0107 si\u0119 rozwija\u0142a.<\/p>\n\n\n\n<p>Najlepsze pomys\u0142y wpadaj\u0105 do g\u0142owy, gdy na stole jest co\u015b dobrego do przek\u0105szenia, dlatego przygotowali\u015bmy dla pa\u0144stwa r\u00f3wnie\u017c smaczny pocz\u0119stunek!<\/p>\n\n\n\n<p>Serdecznie zapraszamy!<\/p>\n\n\n\n<figure class=\"wp-block-image size-large is-resized\"><img loading=\"lazy\" decoding=\"async\" src=\"https:\/\/www.projektwrzesnia.pl\/wordpress\/wp-content\/uploads\/2023\/04\/grzybowo-724x1024.png\" alt=\"\" class=\"wp-image-10100954\" width=\"362\" height=\"512\" srcset=\"https:\/\/www.projektwrzesnia.pl\/wordpress\/wp-content\/uploads\/2023\/04\/grzybowo-724x1024.png 724w, https:\/\/www.projektwrzesnia.pl\/wordpress\/wp-content\/uploads\/2023\/04\/grzybowo-212x300.png 212w, https:\/\/www.projektwrzesnia.pl\/wordpress\/wp-content\/uploads\/2023\/04\/grzybowo-768x1086.png 768w, https:\/\/www.projektwrzesnia.pl\/wordpress\/wp-content\/uploads\/2023\/04\/grzybowo-1086x1536.png 1086w, https:\/\/www.projektwrzesnia.pl\/wordpress\/wp-content\/uploads\/2023\/04\/grzybowo.png 1448w\" sizes=\"auto, (max-width: 362px) 100vw, 362px\" \/><\/figure>\n","protected":false},"excerpt":{"rendered":"<p>Zapraszamy na spotkanie, kt\u00f3re odb\u0119dzie si\u0119 we wtorek (18 kwietnia) o godz. 18:30 w nowej sali wiejskiej w Grzybowie. Porozmawiamy w lu\u017anej i przyjemnej atmosferze o kulturze i historii Grzybowa.<\/p>\n","protected":false},"author":3,"featured_media":10100954,"comment_status":"open","ping_status":"open","sticky":false,"template":"","format":"standard","meta":{"_acf_changed":false,"footnotes":""},"categories":[7],"tags":[],"class_list":["post-10100953","post","type-post","status-publish","format-standard","has-post-thumbnail","hentry","category-7"],"acf":[],"_links":{"self":[{"href":"https:\/\/www.projektwrzesnia.pl\/wordpress\/wp-json\/wp\/v2\/posts\/10100953","targetHints":{"allow":["GET"]}}],"collection":[{"href":"https:\/\/www.projektwrzesnia.pl\/wordpress\/wp-json\/wp\/v2\/posts"}],"about":[{"href":"https:\/\/www.projektwrzesnia.pl\/wordpress\/wp-json\/wp\/v2\/types\/post"}],"author":[{"embeddable":true,"href":"https:\/\/www.projektwrzesnia.pl\/wordpress\/wp-json\/wp\/v2\/users\/3"}],"replies":[{"embeddable":true,"href":"https:\/\/www.projektwrzesnia.pl\/wordpress\/wp-json\/wp\/v2\/comments?post=10100953"}],"version-history":[{"count":2,"href":"https:\/\/www.projektwrzesnia.pl\/wordpress\/wp-json\/wp\/v2\/posts\/10100953\/revisions"}],"predecessor-version":[{"id":10100976,"href":"https:\/\/www.projektwrzesnia.pl\/wordpress\/wp-json\/wp\/v2\/posts\/10100953\/revisions\/10100976"}],"wp:featuredmedia":[{"embeddable":true,"href":"https:\/\/www.projektwrzesnia.pl\/wordpress\/wp-json\/wp\/v2\/media\/10100954"}],"wp:attachment":[{"href":"https:\/\/www.projektwrzesnia.pl\/wordpress\/wp-json\/wp\/v2\/media?parent=10100953"}],"wp:term":[{"taxonomy":"category","embeddable":true,"href":"https:\/\/www.projektwrzesnia.pl\/wordpress\/wp-json\/wp\/v2\/categories?post=10100953"},{"taxonomy":"post_tag","embeddable":true,"href":"https:\/\/www.projektwrzesnia.pl\/wordpress\/wp-json\/wp\/v2\/tags?post=10100953"}],"curies":[{"name":"wp","href":"https:\/\/api.w.org\/{rel}","templated":true}]}}