{"id":10101064,"date":"2023-04-24T08:39:55","date_gmt":"2023-04-24T07:39:55","guid":{"rendered":"https:\/\/www.projektwrzesnia.pl\/wordpress\/?p=10101064"},"modified":"2024-01-22T19:46:30","modified_gmt":"2024-01-22T18:46:30","slug":"zielona-chocicza-mala","status":"publish","type":"post","link":"https:\/\/www.projektwrzesnia.pl\/wordpress\/10101064\/","title":{"rendered":"Zielona Chocicza Ma\u0142a"},"content":{"rendered":"\n<p>22 kwietnia obchodzony jest \u015awiatowy Dzie\u0144 Ziemi. W tym roku \u015bwi\u0119towali\u015bmy go w wyj\u0105tkowy spos\u00f3b!<\/p>\n\n\n\n<p>Wsp\u00f3lnie z mieszka\u0144cami Chociczy Ma\u0142ej od samego rana dzielnie pracowali\u015bmy z morwami, g\u0142ogami, lipami, jarz\u0119binami\u2026 Pi\u0119kna wiosenna pogoda sprawi\u0142a, \u017ce sadzenie drzew by\u0142o prawdziw\u0105 przyjemno\u015bci\u0105, a energii nie brakowa\u0142o ani tym najm\u0142odszym, ani starszym uczestnikom akcji.<\/p>\n\n\n\n<p>Wszystkim pomocnikom serdecznie dzi\u0119kujemy, szczeg\u00f3lnie Pani so\u0142tys \u2013 Ewie Tabaczce oraz mieszka\u0144com Chociczy Ma\u0142ej. Sadzenie drzew to jedna z najwa\u017cniejszych inicjatyw, kt\u00f3re mo\u017cemy podj\u0105\u0107, aby zadba\u0107 o nasze \u015brodowisko.<\/p>\n\n\n\n<p>Zasadzone przez nas drzewa b\u0119d\u0105 ros\u0142y i przez wiele lat stanowi\u0142y nie tylko wspania\u0142y widok, ale tak\u017ce inwestycj\u0119 w przysz\u0142o\u015b\u0107 dla kolejnych pokole\u0144.<\/p>\n\n\n\n<p>Wy\u017cej opisane dzia\u0142ania realizujemy w ramach projektu pod tytu\u0142em \u201eNarz\u0119dziownia obywatelska \u2013 czyli jak rozkr\u0119ci\u0107 wrzesi\u0144sk\u0105 wie\u015b\u201d przy wsparciu dotacji z programu Aktywni Obywatele \u2013 Fundusz Krajowy, finansowanego z Funduszy EOG.<\/p>\n","protected":false},"excerpt":{"rendered":"<p>22 kwietnia obchodzony jest \u015awiatowy Dzie\u0144 Ziemi. W tym roku \u015bwi\u0119towali\u015bmy go w wyj\u0105tkowy spos\u00f3b!<\/p>\n","protected":false},"author":3,"featured_media":10101065,"comment_status":"open","ping_status":"open","sticky":false,"template":"","format":"standard","meta":{"_acf_changed":false,"footnotes":""},"categories":[7],"tags":[],"class_list":["post-10101064","post","type-post","status-publish","format-standard","has-post-thumbnail","hentry","category-7"],"acf":[],"_links":{"self":[{"href":"https:\/\/www.projektwrzesnia.pl\/wordpress\/wp-json\/wp\/v2\/posts\/10101064","targetHints":{"allow":["GET"]}}],"collection":[{"href":"https:\/\/www.projektwrzesnia.pl\/wordpress\/wp-json\/wp\/v2\/posts"}],"about":[{"href":"https:\/\/www.projektwrzesnia.pl\/wordpress\/wp-json\/wp\/v2\/types\/post"}],"author":[{"embeddable":true,"href":"https:\/\/www.projektwrzesnia.pl\/wordpress\/wp-json\/wp\/v2\/users\/3"}],"replies":[{"embeddable":true,"href":"https:\/\/www.projektwrzesnia.pl\/wordpress\/wp-json\/wp\/v2\/comments?post=10101064"}],"version-history":[{"count":1,"href":"https:\/\/www.projektwrzesnia.pl\/wordpress\/wp-json\/wp\/v2\/posts\/10101064\/revisions"}],"predecessor-version":[{"id":10101066,"href":"https:\/\/www.projektwrzesnia.pl\/wordpress\/wp-json\/wp\/v2\/posts\/10101064\/revisions\/10101066"}],"wp:featuredmedia":[{"embeddable":true,"href":"https:\/\/www.projektwrzesnia.pl\/wordpress\/wp-json\/wp\/v2\/media\/10101065"}],"wp:attachment":[{"href":"https:\/\/www.projektwrzesnia.pl\/wordpress\/wp-json\/wp\/v2\/media?parent=10101064"}],"wp:term":[{"taxonomy":"category","embeddable":true,"href":"https:\/\/www.projektwrzesnia.pl\/wordpress\/wp-json\/wp\/v2\/categories?post=10101064"},{"taxonomy":"post_tag","embeddable":true,"href":"https:\/\/www.projektwrzesnia.pl\/wordpress\/wp-json\/wp\/v2\/tags?post=10101064"}],"curies":[{"name":"wp","href":"https:\/\/api.w.org\/{rel}","templated":true}]}}