{"id":10101073,"date":"2023-04-24T20:10:00","date_gmt":"2023-04-24T19:10:00","guid":{"rendered":"https:\/\/www.projektwrzesnia.pl\/wordpress\/?p=10101073"},"modified":"2023-04-24T11:14:25","modified_gmt":"2023-04-24T10:14:25","slug":"skatepark-czy-tym-razem-to-na-powazne","status":"publish","type":"post","link":"https:\/\/www.projektwrzesnia.pl\/wordpress\/10101073\/","title":{"rendered":"Skatepark \u2013 czy tym razem to na powa\u017cne?"},"content":{"rendered":"\n<p>Wszyscy pami\u0119tamy jak w lipcu 2018 roku ratusz informowa\u0142, \u017ce \u201ezast\u0119pca burmistrza Artur Mokracki spotka\u0142 si\u0119 z m\u0142odzie\u017c\u0105, \u017ceby skonsultowa\u0107 miejsce i wygl\u0105d nowego skateparku. W tym roku powstanie projekt skateparku, a w przysz\u0142ym roku zostanie wybudowany.\u201d Niestety mam 2023 rok i jak nie by\u0142o tak nie ma skateparku. Gdyby dotrzymano obietnicy to skatepark by\u0142by ju\u017c w mie\u015bcie od ponad trzech lat.<\/p>\n\n\n\n<p>Starali\u015bmy si\u0119 przypomina\u0107 o temacie, dlatego sk\u0142adali\u015bmy propozycj\u0119 budowy nowego skateparku do bud\u017cetu na 2021 rok, pisali\u015bmy na ten temat felietony do Wiadomo\u015bci Wrzesi\u0144skich, czy sk\u0142adali\u015bmy wniosek o uj\u0119cie budowy skateparku w nowej \u201eStrategii Rozwoju Miasta i Gminy Wrze\u015bnia na lata 2021 \u2013 2027\u201d. Wszystkie te inicjatywy na poziomie Rady Miejskiej by\u0142y odrzucane g\u0142\u00f3wnie g\u0142osami radnych z Unii Wrze\u015bnia, PO i PiS.<\/p>\n\n\n\n<figure class=\"wp-block-embed is-type-wp-embed is-provider-projekt-wrzesnia wp-block-embed-projekt-wrzesnia\"><div class=\"wp-block-embed__wrapper\">\n<blockquote class=\"wp-embedded-content\" data-secret=\"Sk05lbPHrP\"><a href=\"https:\/\/www.projektwrzesnia.pl\/wordpress\/637\/\">Skatepark na serio<\/a><\/blockquote><iframe loading=\"lazy\" class=\"wp-embedded-content\" sandbox=\"allow-scripts\" security=\"restricted\" style=\"position: absolute; visibility: hidden;\" title=\"&#8222;Skatepark na serio&#8221; &#8212; Projekt Wrze\u015bnia\" src=\"https:\/\/www.projektwrzesnia.pl\/wordpress\/637\/embed\/#?secret=8oYbRdH7EP#?secret=Sk05lbPHrP\" data-secret=\"Sk05lbPHrP\" width=\"500\" height=\"282\" frameborder=\"0\" marginwidth=\"0\" marginheight=\"0\" scrolling=\"no\"><\/iframe>\n<\/div><\/figure>\n\n\n\n<p>Na szcz\u0119\u015bcie w ostatnich dniach ratusz przypomnia\u0142 sobie o swoich obietnicach. Najpierw og\u0142oszono facebook-owe konsultacje nad miejscem przysz\u0142ego skateparku. Wygra\u0142 teren na Lip\u00f3wce przy ulicy \u015awi\u0119tokrzyskiej. Nast\u0119pnie (r\u00f3wnie\u017c na facebook-u) pokazano wizualizacj\u0119, zamieszczaj\u0105c pro\u015bb\u0119 o ewentualne uwagi. Niezorientowani mogli odnie\u015b\u0107 wra\u017cenie jakoby ratusz w ci\u0105gu kilkunastu dni opracowa\u0142 koncepcj\u0119 i wizualizacj\u0119. Tymczasem projekt skateparku zosta\u0142 wykonany w styczniu 2019 roku. Sporo przele\u017ca\u0142 w szufladzie zanim ujrza\u0142 \u015bwiat\u0142o dzienne. Niemniej lepiej p\u00f3\u017ano ni\u017c wcale. <strong>Tutaj projekt.<\/strong><\/p>\n\n\n\n<p>Czy tym razem skatepark powstanie, czy to nie s\u0105 kolejne wyborcze obietnice, czy radni Unii Wrze\u015bnia, PO i PiS b\u0119d\u0105 teraz g\u0142osowa\u0107 za skateparkiem? Oby!<\/p>\n\n\n\n<div data-wp-interactive=\"core\/file\" class=\"wp-block-file\"><object data-wp-bind--hidden=\"!state.hasPdfPreview\" hidden class=\"wp-block-file__embed\" data=\"https:\/\/www.projektwrzesnia.pl\/wordpress\/wp-content\/uploads\/2023\/04\/20230424_skatepark.pdf\" type=\"application\/pdf\" style=\"width:100%;height:600px\" aria-label=\"Osadzone z 20230424_skatepark.\"><\/object><a id=\"wp-block-file--media-42a4c959-d6dd-4578-a7e7-42c34facd7d2\" href=\"https:\/\/www.projektwrzesnia.pl\/wordpress\/wp-content\/uploads\/2023\/04\/20230424_skatepark.pdf\" target=\"_blank\" rel=\"noreferrer noopener\">20230424_skatepark<\/a><a href=\"https:\/\/www.projektwrzesnia.pl\/wordpress\/wp-content\/uploads\/2023\/04\/20230424_skatepark.pdf\" class=\"wp-block-file__button wp-element-button\" download aria-describedby=\"wp-block-file--media-42a4c959-d6dd-4578-a7e7-42c34facd7d2\">Pobierz<\/a><\/div>\n\n\n\n<figure class=\"wp-block-gallery has-nested-images columns-default is-cropped wp-block-gallery-1 is-layout-flex wp-block-gallery-is-layout-flex\">\n<figure class=\"wp-block-image size-large\"><img loading=\"lazy\" decoding=\"async\" width=\"1024\" height=\"575\" data-id=\"10101067\" src=\"https:\/\/www.projektwrzesnia.pl\/wordpress\/wp-content\/uploads\/2023\/04\/20230424_skatepark-11-1024x575.jpg\" alt=\"\" class=\"wp-image-10101067\" srcset=\"https:\/\/www.projektwrzesnia.pl\/wordpress\/wp-content\/uploads\/2023\/04\/20230424_skatepark-11-1024x575.jpg 1024w, https:\/\/www.projektwrzesnia.pl\/wordpress\/wp-content\/uploads\/2023\/04\/20230424_skatepark-11-300x168.jpg 300w, https:\/\/www.projektwrzesnia.pl\/wordpress\/wp-content\/uploads\/2023\/04\/20230424_skatepark-11-768x431.jpg 768w, https:\/\/www.projektwrzesnia.pl\/wordpress\/wp-content\/uploads\/2023\/04\/20230424_skatepark-11.jpg 1381w\" sizes=\"auto, (max-width: 1024px) 100vw, 1024px\" \/><\/figure>\n\n\n\n<figure class=\"wp-block-image size-large\"><img loading=\"lazy\" decoding=\"async\" width=\"1024\" height=\"571\" data-id=\"10101068\" src=\"https:\/\/www.projektwrzesnia.pl\/wordpress\/wp-content\/uploads\/2023\/04\/20230424_skatepark-12-1024x571.jpg\" alt=\"\" class=\"wp-image-10101068\" srcset=\"https:\/\/www.projektwrzesnia.pl\/wordpress\/wp-content\/uploads\/2023\/04\/20230424_skatepark-12-1024x571.jpg 1024w, https:\/\/www.projektwrzesnia.pl\/wordpress\/wp-content\/uploads\/2023\/04\/20230424_skatepark-12-300x167.jpg 300w, https:\/\/www.projektwrzesnia.pl\/wordpress\/wp-content\/uploads\/2023\/04\/20230424_skatepark-12-768x428.jpg 768w, https:\/\/www.projektwrzesnia.pl\/wordpress\/wp-content\/uploads\/2023\/04\/20230424_skatepark-12.jpg 1387w\" sizes=\"auto, (max-width: 1024px) 100vw, 1024px\" \/><\/figure>\n\n\n\n<figure class=\"wp-block-image size-large\"><img loading=\"lazy\" decoding=\"async\" width=\"1024\" height=\"574\" data-id=\"10101069\" src=\"https:\/\/www.projektwrzesnia.pl\/wordpress\/wp-content\/uploads\/2023\/04\/20230424_skatepark-13-1024x574.jpg\" alt=\"\" class=\"wp-image-10101069\" srcset=\"https:\/\/www.projektwrzesnia.pl\/wordpress\/wp-content\/uploads\/2023\/04\/20230424_skatepark-13-1024x574.jpg 1024w, https:\/\/www.projektwrzesnia.pl\/wordpress\/wp-content\/uploads\/2023\/04\/20230424_skatepark-13-300x168.jpg 300w, https:\/\/www.projektwrzesnia.pl\/wordpress\/wp-content\/uploads\/2023\/04\/20230424_skatepark-13-768x430.jpg 768w, https:\/\/www.projektwrzesnia.pl\/wordpress\/wp-content\/uploads\/2023\/04\/20230424_skatepark-13.jpg 1387w\" sizes=\"auto, (max-width: 1024px) 100vw, 1024px\" \/><\/figure>\n\n\n\n<figure class=\"wp-block-image size-large\"><img loading=\"lazy\" decoding=\"async\" width=\"1024\" height=\"782\" data-id=\"10101070\" src=\"https:\/\/www.projektwrzesnia.pl\/wordpress\/wp-content\/uploads\/2023\/04\/20230424_skatepark-14-1024x782.jpg\" alt=\"\" class=\"wp-image-10101070\" srcset=\"https:\/\/www.projektwrzesnia.pl\/wordpress\/wp-content\/uploads\/2023\/04\/20230424_skatepark-14-1024x782.jpg 1024w, https:\/\/www.projektwrzesnia.pl\/wordpress\/wp-content\/uploads\/2023\/04\/20230424_skatepark-14-300x229.jpg 300w, https:\/\/www.projektwrzesnia.pl\/wordpress\/wp-content\/uploads\/2023\/04\/20230424_skatepark-14-768x586.jpg 768w, https:\/\/www.projektwrzesnia.pl\/wordpress\/wp-content\/uploads\/2023\/04\/20230424_skatepark-14.jpg 1065w\" sizes=\"auto, (max-width: 1024px) 100vw, 1024px\" \/><\/figure>\n\n\n\n<figure class=\"wp-block-image size-large\"><img loading=\"lazy\" decoding=\"async\" width=\"1024\" height=\"452\" data-id=\"10101071\" src=\"https:\/\/www.projektwrzesnia.pl\/wordpress\/wp-content\/uploads\/2023\/04\/20230424_skatepark-15-1024x452.jpg\" alt=\"\" class=\"wp-image-10101071\" srcset=\"https:\/\/www.projektwrzesnia.pl\/wordpress\/wp-content\/uploads\/2023\/04\/20230424_skatepark-15-1024x452.jpg 1024w, https:\/\/www.projektwrzesnia.pl\/wordpress\/wp-content\/uploads\/2023\/04\/20230424_skatepark-15-300x132.jpg 300w, https:\/\/www.projektwrzesnia.pl\/wordpress\/wp-content\/uploads\/2023\/04\/20230424_skatepark-15-768x339.jpg 768w, https:\/\/www.projektwrzesnia.pl\/wordpress\/wp-content\/uploads\/2023\/04\/20230424_skatepark-15-1536x677.jpg 1536w, https:\/\/www.projektwrzesnia.pl\/wordpress\/wp-content\/uploads\/2023\/04\/20230424_skatepark-15.jpg 1821w\" sizes=\"auto, (max-width: 1024px) 100vw, 1024px\" \/><\/figure>\n<\/figure>\n","protected":false},"excerpt":{"rendered":"<p>W ko\u0144cu ratusz obudzi\u0142 si\u0119 i podj\u0105\u0142 temat skateparku! <\/p>\n","protected":false},"author":2,"featured_media":10101067,"comment_status":"open","ping_status":"open","sticky":false,"template":"","format":"standard","meta":{"_acf_changed":false,"footnotes":""},"categories":[19],"tags":[],"class_list":["post-10101073","post","type-post","status-publish","format-standard","has-post-thumbnail","hentry","category-19"],"acf":[],"_links":{"self":[{"href":"https:\/\/www.projektwrzesnia.pl\/wordpress\/wp-json\/wp\/v2\/posts\/10101073","targetHints":{"allow":["GET"]}}],"collection":[{"href":"https:\/\/www.projektwrzesnia.pl\/wordpress\/wp-json\/wp\/v2\/posts"}],"about":[{"href":"https:\/\/www.projektwrzesnia.pl\/wordpress\/wp-json\/wp\/v2\/types\/post"}],"author":[{"embeddable":true,"href":"https:\/\/www.projektwrzesnia.pl\/wordpress\/wp-json\/wp\/v2\/users\/2"}],"replies":[{"embeddable":true,"href":"https:\/\/www.projektwrzesnia.pl\/wordpress\/wp-json\/wp\/v2\/comments?post=10101073"}],"version-history":[{"count":1,"href":"https:\/\/www.projektwrzesnia.pl\/wordpress\/wp-json\/wp\/v2\/posts\/10101073\/revisions"}],"predecessor-version":[{"id":10101074,"href":"https:\/\/www.projektwrzesnia.pl\/wordpress\/wp-json\/wp\/v2\/posts\/10101073\/revisions\/10101074"}],"wp:featuredmedia":[{"embeddable":true,"href":"https:\/\/www.projektwrzesnia.pl\/wordpress\/wp-json\/wp\/v2\/media\/10101067"}],"wp:attachment":[{"href":"https:\/\/www.projektwrzesnia.pl\/wordpress\/wp-json\/wp\/v2\/media?parent=10101073"}],"wp:term":[{"taxonomy":"category","embeddable":true,"href":"https:\/\/www.projektwrzesnia.pl\/wordpress\/wp-json\/wp\/v2\/categories?post=10101073"},{"taxonomy":"post_tag","embeddable":true,"href":"https:\/\/www.projektwrzesnia.pl\/wordpress\/wp-json\/wp\/v2\/tags?post=10101073"}],"curies":[{"name":"wp","href":"https:\/\/api.w.org\/{rel}","templated":true}]}}