{"id":10101115,"date":"2023-05-31T19:04:55","date_gmt":"2023-05-31T18:04:55","guid":{"rendered":"https:\/\/www.projektwrzesnia.pl\/wordpress\/?p=10101115"},"modified":"2023-05-31T19:04:57","modified_gmt":"2023-05-31T18:04:57","slug":"uchwala-dla-nauczycieli","status":"publish","type":"post","link":"https:\/\/www.projektwrzesnia.pl\/wordpress\/10101115\/","title":{"rendered":"Uchwa\u0142a dla nauczycieli"},"content":{"rendered":"\n<p>Pod koniec marca z\u0142o\u017cyli\u015bmy uchwa\u0142\u0119 w sprawie zmiany regulaminu wynagradzania nauczycieli w szko\u0142ach prowadzonych przez Gmin\u0119 Wrze\u015bnia, a wi\u0119c g\u0142\u00f3wnie w szko\u0142ach podstawowych.&nbsp; Chcemy, aby waloryzacji uleg\u0142y wynagrodzenia nauczycieli, kt\u00f3rzy sprawuj\u0105 dodatkowe funkcje.<\/p>\n\n\n\n<p>Obecnie obowi\u0105zuj\u0105cy regulamin wynagradzania nauczycieli w szko\u0142ach prowadzonych przez Gmin\u0119 Wrze\u015bnia zosta\u0142 ustanowiony w 2019 roku. Jak wszyscy wiemy od tego czasu sytuacja mocno si\u0119 zmieni\u0142a, wi\u0119c zasadna jest waloryzacja stawek. Zaproponowali\u015bmy zmiany stawek dotycz\u0105cych nauczycieli pe\u0142ni\u0105cych funkcje w nast\u0119puj\u0105cy spos\u00f3b:<\/p>\n\n\n\n<p>&#8211; wychowawcy klasy z 300 z\u0142 do 500 z\u0142,<\/p>\n\n\n\n<p>&#8211; opiekuj\u0105cego si\u0119 oddzia\u0142em przedszkolnym z 300 z\u0142 do 500 z\u0142,<\/p>\n\n\n\n<p>&#8211; opiekuna sta\u017cu lub mentora z 200 z\u0142 do 300 z\u0142,<\/p>\n\n\n\n<p>&#8211; doradcy metodycznego lub nauczyciela konsultanta z 100 z\u0142 do 200 z\u0142. &nbsp;<\/p>\n\n\n\n<p>Obecnie uchwa\u0142a jest procedowana przez ratusz \u2013 trwa to ju\u017c ponad 2 miesi\u0105ce. Mamy jednak nadziej\u0119, \u017ce wreszcie uchwa\u0142a trafi pod obrady rady miejskiej i zostanie przeg\u0142osowana.<\/p>\n","protected":false},"excerpt":{"rendered":"<p>Pod koniec marca z\u0142o\u017cyli\u015bmy uchwa\u0142\u0119 w sprawie zmiany regulaminu wynagradzania nauczycieli w szko\u0142ach prowadzonych przez Gmin\u0119 Wrze\u015bnia. Chcemy, aby waloryzacji uleg\u0142y wynagrodzenia nauczycieli, kt\u00f3rzy sprawuj\u0105 dodatkowe funkcje.<\/p>\n","protected":false},"author":3,"featured_media":10101116,"comment_status":"open","ping_status":"open","sticky":false,"template":"","format":"standard","meta":{"_acf_changed":false,"footnotes":""},"categories":[43],"tags":[],"class_list":["post-10101115","post","type-post","status-publish","format-standard","has-post-thumbnail","hentry","category-aktualnosci"],"acf":[],"_links":{"self":[{"href":"https:\/\/www.projektwrzesnia.pl\/wordpress\/wp-json\/wp\/v2\/posts\/10101115","targetHints":{"allow":["GET"]}}],"collection":[{"href":"https:\/\/www.projektwrzesnia.pl\/wordpress\/wp-json\/wp\/v2\/posts"}],"about":[{"href":"https:\/\/www.projektwrzesnia.pl\/wordpress\/wp-json\/wp\/v2\/types\/post"}],"author":[{"embeddable":true,"href":"https:\/\/www.projektwrzesnia.pl\/wordpress\/wp-json\/wp\/v2\/users\/3"}],"replies":[{"embeddable":true,"href":"https:\/\/www.projektwrzesnia.pl\/wordpress\/wp-json\/wp\/v2\/comments?post=10101115"}],"version-history":[{"count":1,"href":"https:\/\/www.projektwrzesnia.pl\/wordpress\/wp-json\/wp\/v2\/posts\/10101115\/revisions"}],"predecessor-version":[{"id":10101117,"href":"https:\/\/www.projektwrzesnia.pl\/wordpress\/wp-json\/wp\/v2\/posts\/10101115\/revisions\/10101117"}],"wp:featuredmedia":[{"embeddable":true,"href":"https:\/\/www.projektwrzesnia.pl\/wordpress\/wp-json\/wp\/v2\/media\/10101116"}],"wp:attachment":[{"href":"https:\/\/www.projektwrzesnia.pl\/wordpress\/wp-json\/wp\/v2\/media?parent=10101115"}],"wp:term":[{"taxonomy":"category","embeddable":true,"href":"https:\/\/www.projektwrzesnia.pl\/wordpress\/wp-json\/wp\/v2\/categories?post=10101115"},{"taxonomy":"post_tag","embeddable":true,"href":"https:\/\/www.projektwrzesnia.pl\/wordpress\/wp-json\/wp\/v2\/tags?post=10101115"}],"curies":[{"name":"wp","href":"https:\/\/api.w.org\/{rel}","templated":true}]}}