{"id":10101122,"date":"2023-06-05T17:49:46","date_gmt":"2023-06-05T16:49:46","guid":{"rendered":"https:\/\/www.projektwrzesnia.pl\/wordpress\/?p=10101122"},"modified":"2023-06-05T17:49:47","modified_gmt":"2023-06-05T16:49:47","slug":"letnie-porzadki-w-sedziwojewie","status":"publish","type":"post","link":"https:\/\/www.projektwrzesnia.pl\/wordpress\/10101122\/","title":{"rendered":"Letnie porz\u0105dki w S\u0119dziwojewie"},"content":{"rendered":"\n<p>Ostatnie dni sp\u0119dzili\u015bmy na porz\u0105dkowaniu cmentarza ewangelickiego w S\u0119dziwojewie. Uda\u0142o si\u0119 wygrabi\u0107 uschni\u0119te chwasty oraz posprz\u0105ta\u0107 obok g\u0142azu kommemoratywnego.<\/p>\n\n\n\n<p>Warto przypomnie\u0107, \u017ce cmentarz ewangelicki w S\u0119dziwojewie powsta\u0142 w II po\u0142owie XIX wieku i funkcjonowa\u0142 do ko\u0144ca II wojny \u015bwiatowej. Obecnie znajduje si\u0119 na nim kilkadziesi\u0105t zabytkowych grob\u00f3w.<\/p>\n","protected":false},"excerpt":{"rendered":"<p>Ostatnie dni sp\u0119dzili\u015bmy na letnich porz\u0105dkach na cmentarzu ewangelickim w S\u0119dziwojewie. <\/p>\n","protected":false},"author":3,"featured_media":10101123,"comment_status":"open","ping_status":"open","sticky":false,"template":"","format":"standard","meta":{"_acf_changed":false,"footnotes":""},"categories":[43],"tags":[],"class_list":["post-10101122","post","type-post","status-publish","format-standard","has-post-thumbnail","hentry","category-aktualnosci"],"acf":[],"_links":{"self":[{"href":"https:\/\/www.projektwrzesnia.pl\/wordpress\/wp-json\/wp\/v2\/posts\/10101122","targetHints":{"allow":["GET"]}}],"collection":[{"href":"https:\/\/www.projektwrzesnia.pl\/wordpress\/wp-json\/wp\/v2\/posts"}],"about":[{"href":"https:\/\/www.projektwrzesnia.pl\/wordpress\/wp-json\/wp\/v2\/types\/post"}],"author":[{"embeddable":true,"href":"https:\/\/www.projektwrzesnia.pl\/wordpress\/wp-json\/wp\/v2\/users\/3"}],"replies":[{"embeddable":true,"href":"https:\/\/www.projektwrzesnia.pl\/wordpress\/wp-json\/wp\/v2\/comments?post=10101122"}],"version-history":[{"count":1,"href":"https:\/\/www.projektwrzesnia.pl\/wordpress\/wp-json\/wp\/v2\/posts\/10101122\/revisions"}],"predecessor-version":[{"id":10101124,"href":"https:\/\/www.projektwrzesnia.pl\/wordpress\/wp-json\/wp\/v2\/posts\/10101122\/revisions\/10101124"}],"wp:featuredmedia":[{"embeddable":true,"href":"https:\/\/www.projektwrzesnia.pl\/wordpress\/wp-json\/wp\/v2\/media\/10101123"}],"wp:attachment":[{"href":"https:\/\/www.projektwrzesnia.pl\/wordpress\/wp-json\/wp\/v2\/media?parent=10101122"}],"wp:term":[{"taxonomy":"category","embeddable":true,"href":"https:\/\/www.projektwrzesnia.pl\/wordpress\/wp-json\/wp\/v2\/categories?post=10101122"},{"taxonomy":"post_tag","embeddable":true,"href":"https:\/\/www.projektwrzesnia.pl\/wordpress\/wp-json\/wp\/v2\/tags?post=10101122"}],"curies":[{"name":"wp","href":"https:\/\/api.w.org\/{rel}","templated":true}]}}