{"id":10101131,"date":"2023-06-20T11:09:43","date_gmt":"2023-06-20T10:09:43","guid":{"rendered":"https:\/\/www.projektwrzesnia.pl\/wordpress\/?p=10101131"},"modified":"2023-06-20T11:09:45","modified_gmt":"2023-06-20T10:09:45","slug":"narzedziownia-obywatelska-w-kaweczynie","status":"publish","type":"post","link":"https:\/\/www.projektwrzesnia.pl\/wordpress\/10101131\/","title":{"rendered":"Narz\u0119dziownia obywatelska w Kaw\u0119czynie"},"content":{"rendered":"\n<p>Spaceruj\u0105c po okolicy, nietrudno zauwa\u017cy\u0107, co nam najbardziej Przeszkadza. Cz\u0119sto \u017cyczyliby\u015bmy sobie po prostu czysto\u015bci i porz\u0105dku! A \u017ce za oknem mamy w\u0142a\u015bnie najdogodniejsz\u0105 do tego por\u0119 roku, bierzemy sprawy w swoje r\u0119ce i ruszamy z porz\u0105dkami! W tym celu zapraszamy Pa\u0144stwa na wsp\u00f3lne sprz\u0105tanie okolicy! Spotkajmy si\u0119 ju\u017c w t\u0119 sobot\u0119 o 10:00 w Kaw\u0119czynie!<\/p>\n\n\n\n<p>Zapewniamy r\u0119kawiczki i worki na \u015bmieci, energii do sprz\u0105tania na pewno nam nie zabraknie!<\/p>\n\n\n\n<p>Rzecz jasna najlepiej pracuje si\u0119, gdy wiemy, \u017ce po wysi\u0142ku czeka na nas co\u015b dobrego do przek\u0105szenia, dlatego przygotowali\u015bmy dla Pa\u0144stwa r\u00f3wnie\u017c smaczny pocz\u0119stunek! Nie ma przecie\u017c nic lepszego ni\u017c piknik na \u015bwie\u017cym powietrzu po dobrze sp\u0119dzonym popo\u0142udniu.<\/p>\n\n\n\n<p>A wi\u0119c, jaki mamy plan na sobot\u0119? Zrobi\u0107 co\u015b dobrego dla w\u0142asnej okolicy, a potem mile wypocz\u0105\u0107 na s\u0105siedzkim pikniku z pysznymi \u0142akociami!<\/p>\n\n\n\n<p>Serdecznie zapraszamy!<\/p>\n\n\n\n<p>Projekt \u201eNarz\u0119dziownia obywatelska \u2013 czyli jak rozkr\u0119ci\u0107 wrzesi\u0144sk\u0105 wie\u015b\u201d realizujemy przy wsparciu z dotacji programu Aktywni Obywatele \u2013 Fundusz Krajowy, finansowanego z Funduszy EOG.<\/p>\n\n\n\n<figure class=\"wp-block-image size-large is-resized\"><img loading=\"lazy\" decoding=\"async\" src=\"https:\/\/www.projektwrzesnia.pl\/wordpress\/wp-content\/uploads\/2023\/06\/20230620_kaweczyn-757x1024.png\" alt=\"\" class=\"wp-image-10101130\" width=\"568\" height=\"768\" srcset=\"https:\/\/www.projektwrzesnia.pl\/wordpress\/wp-content\/uploads\/2023\/06\/20230620_kaweczyn-757x1024.png 757w, https:\/\/www.projektwrzesnia.pl\/wordpress\/wp-content\/uploads\/2023\/06\/20230620_kaweczyn-222x300.png 222w, https:\/\/www.projektwrzesnia.pl\/wordpress\/wp-content\/uploads\/2023\/06\/20230620_kaweczyn-768x1039.png 768w, https:\/\/www.projektwrzesnia.pl\/wordpress\/wp-content\/uploads\/2023\/06\/20230620_kaweczyn-1135x1536.png 1135w, https:\/\/www.projektwrzesnia.pl\/wordpress\/wp-content\/uploads\/2023\/06\/20230620_kaweczyn.png 1169w\" sizes=\"auto, (max-width: 568px) 100vw, 568px\" \/><\/figure>\n","protected":false},"excerpt":{"rendered":"<p>W sobot\u0119 zakasujemy r\u0119kawy i wsp\u00f3lnie z mieszka\u0144cami Kaw\u0119czyna bierzemy si\u0119 za porz\u0105dki! Startujemy o 10:00 i wyruszamy posprz\u0105ta\u0107 najbli\u017csz\u0105 okolic\u0119. Wszystkich serdecznie zapraszamy do udzia\u0142u w \u015bmieciobraniu, po kt\u00f3rym wsp\u00f3lnie wypoczniemy na pikniku pe\u0142nym pyszno\u015bci i \u0142akoci! <\/p>\n","protected":false},"author":2,"featured_media":10101130,"comment_status":"open","ping_status":"open","sticky":false,"template":"","format":"standard","meta":{"_acf_changed":false,"footnotes":""},"categories":[7,33],"tags":[],"class_list":["post-10101131","post","type-post","status-publish","format-standard","has-post-thumbnail","hentry","category-7","category-33"],"acf":[],"_links":{"self":[{"href":"https:\/\/www.projektwrzesnia.pl\/wordpress\/wp-json\/wp\/v2\/posts\/10101131","targetHints":{"allow":["GET"]}}],"collection":[{"href":"https:\/\/www.projektwrzesnia.pl\/wordpress\/wp-json\/wp\/v2\/posts"}],"about":[{"href":"https:\/\/www.projektwrzesnia.pl\/wordpress\/wp-json\/wp\/v2\/types\/post"}],"author":[{"embeddable":true,"href":"https:\/\/www.projektwrzesnia.pl\/wordpress\/wp-json\/wp\/v2\/users\/2"}],"replies":[{"embeddable":true,"href":"https:\/\/www.projektwrzesnia.pl\/wordpress\/wp-json\/wp\/v2\/comments?post=10101131"}],"version-history":[{"count":1,"href":"https:\/\/www.projektwrzesnia.pl\/wordpress\/wp-json\/wp\/v2\/posts\/10101131\/revisions"}],"predecessor-version":[{"id":10101132,"href":"https:\/\/www.projektwrzesnia.pl\/wordpress\/wp-json\/wp\/v2\/posts\/10101131\/revisions\/10101132"}],"wp:featuredmedia":[{"embeddable":true,"href":"https:\/\/www.projektwrzesnia.pl\/wordpress\/wp-json\/wp\/v2\/media\/10101130"}],"wp:attachment":[{"href":"https:\/\/www.projektwrzesnia.pl\/wordpress\/wp-json\/wp\/v2\/media?parent=10101131"}],"wp:term":[{"taxonomy":"category","embeddable":true,"href":"https:\/\/www.projektwrzesnia.pl\/wordpress\/wp-json\/wp\/v2\/categories?post=10101131"},{"taxonomy":"post_tag","embeddable":true,"href":"https:\/\/www.projektwrzesnia.pl\/wordpress\/wp-json\/wp\/v2\/tags?post=10101131"}],"curies":[{"name":"wp","href":"https:\/\/api.w.org\/{rel}","templated":true}]}}