{"id":10101176,"date":"2023-07-01T09:36:54","date_gmt":"2023-07-01T08:36:54","guid":{"rendered":"https:\/\/www.projektwrzesnia.pl\/wordpress\/?p=10101176"},"modified":"2023-07-01T09:36:56","modified_gmt":"2023-07-01T08:36:56","slug":"xliii-sesja-rady-miejskiej-we-wrzesni","status":"publish","type":"post","link":"https:\/\/www.projektwrzesnia.pl\/wordpress\/10101176\/","title":{"rendered":"XLIII Sesja Rady Miejskiej we Wrze\u015bni"},"content":{"rendered":"\n<p>W \u015brod\u0119 odby\u0142a si\u0119 XLIII Sesja Rady Miejskiej we Wrze\u015bni. By\u0142a to jedna z wa\u017cniejszych sesji w roku, zwana sesj\u0105 absolutoryjn\u0105. W jej trakcie odby\u0142a si\u0119 debata o stanie gminy oraz g\u0142osowano nad wotum zaufania dla burmistrza oraz nad absolutorium. Ponadto, jak na ka\u017cdej sesji, g\u0142osowano nad wieloma innymi uchwa\u0142ami, w tym z\u0142o\u017conymi przez Projekt Wrze\u015bnia. Jedn\u0105 ze z\u0142o\u017conych przez nas uchwa\u0142 by\u0142a ta dotycz\u0105ca zmiany regulaminu wynagradzania nauczycieli w szko\u0142ach prowadzonych przez Gmin\u0119 Wrze\u015bnia, a wi\u0119c g\u0142\u00f3wnie w szko\u0142ach podstawowych. Intencj\u0105 by\u0142o, aby waloryzacji uleg\u0142y wynagrodzenia nauczycieli, kt\u00f3rzy sprawuj\u0105 dodatkowe funkcje. Pisali\u015bmy o tym <strong><a href=\"https:\/\/www.projektwrzesnia.pl\/wordpress\/10101115\/\">tutaj<\/a><\/strong>. Uchwa\u0142a zosta\u0142a pozytywnie przyj\u0119ta przez \u015brodowisko nauczycielskie \u2013 by\u0142y pozytywne opinie zwi\u0105zk\u00f3w zawodowych (Solidarno\u015b\u0107 i ZNP). Mo\u017cliwo\u015b\u0107 takiego dzia\u0142ania dopu\u015bci\u0142a r\u00f3wnie\u017c Regionalna Izba Obrachunkowa. Burmistrz przygotowa\u0142 w tej sprawie negatywne stanowisko i do g\u0142osowania przeciw uchwale namawia\u0142 radnych. Na nic zda\u0142o si\u0119 wskazywanie, \u017ce nie tak dawno du\u017c\u0105 podwy\u017ck\u0119 wynagrodzenia otrzyma\u0142 sam burmistrz oraz radni. W\u00f3wczas takie wydatki nie zosta\u0142y oprotestowane przez burmistrza i jego radnych. Finalnie &#8211; g\u0142\u00f3wnie g\u0142osami PO, Unii Wrze\u015bnian i PiS-u, podwy\u017cki przepad\u0142y. Na pewno b\u0119dziemy dalej pr\u00f3bowa\u0107 \u2013 w ko\u0144cu si\u0119 uda!<\/p>\n\n\n\n<p>Z\u0142o\u017cyli\u015bmy te\u017c uchwa\u0142\u0119 dotycz\u0105c\u0105 mo\u017cliwo\u015bci powstania parku u zbiegu ulic Strzyka\u0142y, So\u0142tysiaka i \u015amidowicz. Takie rozwi\u0105zanie widzieliby mieszka\u0144cy okolicznych osiedli, o czym wielokrotnie pisali w internetowych komentarzach. Co wi\u0119cej w\u0142a\u015bciciele okolicznych dzia\u0142ek r\u00f3wnie\u017c s\u0105 zainteresowani zmianami plan\u00f3w zagospodarowania przestrzennego. Niestety i tym razem nie potraktowano tych g\u0142os\u00f3w mieszka\u0144c\u00f3w serio i g\u0142\u00f3wnie g\u0142osami radnych z PO, Unii Wrze\u015bnian i PiS-u uchwa\u0142a przepad\u0142a.<\/p>\n\n\n\n<p>Kolejna uchwa\u0142a dotyczy\u0142a ogrod\u00f3w dzia\u0142kowych po\u0142o\u017conych w okolicy ulicy Matejki. Z\u0142o\u017cyli\u015bmy projekt uchwa\u0142y, kt\u00f3re wszystkie tamtejsze dzia\u0142ki obejmuje ochron\u0105 wynikaj\u0105c\u0105 z ustawy z dnia 13 grudnia 2013 r. o rodzinnych ogrodach dzia\u0142kowych. Nasza uchwa\u0142a zmotywowa\u0142a burmistrza do przygotowania swojej uchwa\u0142y zezwalaj\u0105cej na zawarcie um\u00f3w dzier\u017cawy z dotychczasowymi dzier\u017cawcami ogrod\u00f3w, na czas oznaczony do 20 lat. Takie rozwi\u0105zanie na wiele lat daje pewno\u015b\u0107 dzia\u0142kowcom, \u017ce b\u0119d\u0105 mogli bez przeszk\u00f3d gospodarowa\u0107 na tym terenie. Uchwa\u0142\u0119 t\u0119 poparli\u015bmy. Pozosta\u0142e uchwa\u0142y dotyczy\u0142y wielu wa\u017cnych rzeczy. Mi\u0119dzy innymi pojawi\u0142a si\u0119 uchwa\u0142a dotycz\u0105ca wywo\u0142ania miejscowego planu zagospodarowania przestrzennego dla teren\u00f3w w Grzymys\u0142awicach, \u017bernikach, Chociczce oraz p\u00f3\u0142nocno-zachodniej obwodnicy Wrze\u015bni. W tej ostatniej sprawie z\u0142o\u017cyli\u015bmy wniosek, aby przeprowadzi\u0107 szerokie konsultacje spo\u0142eczne, w tym r\u00f3wnie\u017c nad kolejnymi odcinkami obwodnic Wrze\u015bni. Inne uchwa\u0142y dotyczy\u0142y wyznaczenia obszar\u00f3w przeznaczonych do rewitalizacji oraz wielu innych kwestii. Z materia\u0142ami mo\u017cna si\u0119 zapozna\u0107 <strong><a href=\"https:\/\/wrzesnia.esesja.pl\/posiedzenie\/8f1c3392-af9c-4\">tutaj<\/a><\/strong>.<\/p>\n\n\n\n<p>Na sesji odby\u0142a si\u0119 r\u00f3wnie\u017c debata nad stanem gminy. Wskazali\u015bmy na problemy mieszka\u0144c\u00f3w, zw\u0142aszcza stan infrastruktury (drogi: Kili\u0144skiego, Batorego, Chrobrego, Piast\u00f3w, D\u0105browskiego, Wojska Polskiego itd.), brak uregulowanych wielu spraw, w tym sali wiejskiej w W\u0119gierkach. M\u00f3wili\u015bmy o tym, \u017ce ostatni rok PWiK zamkn\u0119\u0142a ze strat\u0105 pond 2 milin\u00f3w z\u0142otych. Wspomnieli\u015bmy o blokowaniu dost\u0119pu do dokumentacji i utajnianiu informacji przez ratusz. W efekcie zag\u0142osowali\u015bmy przeciw wotum zaufania dla burmistrza oraz przeciw absolutorium.<\/p>\n\n\n\n<p><\/p>\n","protected":false},"excerpt":{"rendered":"<p>W \u015brod\u0119 odby\u0142a si\u0119 XLIII Sesja Rady Miejskiej we Wrze\u015bni. By\u0142a to jedna z wa\u017cniejszych sesji w roku, zwana sesj\u0105 absolutoryjn\u0105. Jak na ka\u017cdej sesji g\u0142osowano r\u00f3wnie\u017c nad wieloma uchwa\u0142ami, w tym z\u0142o\u017conymi przez Projekt Wrze\u015bnia.<\/p>\n","protected":false},"author":3,"featured_media":10101177,"comment_status":"open","ping_status":"open","sticky":false,"template":"","format":"standard","meta":{"_acf_changed":false,"footnotes":""},"categories":[43],"tags":[],"class_list":["post-10101176","post","type-post","status-publish","format-standard","has-post-thumbnail","hentry","category-aktualnosci"],"acf":[],"_links":{"self":[{"href":"https:\/\/www.projektwrzesnia.pl\/wordpress\/wp-json\/wp\/v2\/posts\/10101176","targetHints":{"allow":["GET"]}}],"collection":[{"href":"https:\/\/www.projektwrzesnia.pl\/wordpress\/wp-json\/wp\/v2\/posts"}],"about":[{"href":"https:\/\/www.projektwrzesnia.pl\/wordpress\/wp-json\/wp\/v2\/types\/post"}],"author":[{"embeddable":true,"href":"https:\/\/www.projektwrzesnia.pl\/wordpress\/wp-json\/wp\/v2\/users\/3"}],"replies":[{"embeddable":true,"href":"https:\/\/www.projektwrzesnia.pl\/wordpress\/wp-json\/wp\/v2\/comments?post=10101176"}],"version-history":[{"count":1,"href":"https:\/\/www.projektwrzesnia.pl\/wordpress\/wp-json\/wp\/v2\/posts\/10101176\/revisions"}],"predecessor-version":[{"id":10101178,"href":"https:\/\/www.projektwrzesnia.pl\/wordpress\/wp-json\/wp\/v2\/posts\/10101176\/revisions\/10101178"}],"wp:featuredmedia":[{"embeddable":true,"href":"https:\/\/www.projektwrzesnia.pl\/wordpress\/wp-json\/wp\/v2\/media\/10101177"}],"wp:attachment":[{"href":"https:\/\/www.projektwrzesnia.pl\/wordpress\/wp-json\/wp\/v2\/media?parent=10101176"}],"wp:term":[{"taxonomy":"category","embeddable":true,"href":"https:\/\/www.projektwrzesnia.pl\/wordpress\/wp-json\/wp\/v2\/categories?post=10101176"},{"taxonomy":"post_tag","embeddable":true,"href":"https:\/\/www.projektwrzesnia.pl\/wordpress\/wp-json\/wp\/v2\/tags?post=10101176"}],"curies":[{"name":"wp","href":"https:\/\/api.w.org\/{rel}","templated":true}]}}