{"id":10101183,"date":"2023-07-05T20:30:53","date_gmt":"2023-07-05T19:30:53","guid":{"rendered":"https:\/\/www.projektwrzesnia.pl\/wordpress\/?p=10101183"},"modified":"2023-07-05T20:30:55","modified_gmt":"2023-07-05T19:30:55","slug":"uchwala-dla-nauczycieli-drugie-podejscie","status":"publish","type":"post","link":"https:\/\/www.projektwrzesnia.pl\/wordpress\/10101183\/","title":{"rendered":"Uchwa\u0142a dla nauczycieli \u2013 drugie podej\u015bcie"},"content":{"rendered":"\n<p>Pod koniec marca z\u0142o\u017cyli\u015bmy projekt uchwa\u0142y w sprawie zmiany regulaminu wynagradzania nauczycieli w szko\u0142ach prowadzonych przez Gmin\u0119 Wrze\u015bnia, a wi\u0119c g\u0142\u00f3wnie w szko\u0142ach podstawowych. Chcieli\u015bmy, aby wynagrodzenia nauczycieli funkcyjnych uleg\u0142y zwi\u0119kszeniu, tym bardziej, \u017ce stawki nie by\u0142y w \u017caden spos\u00f3b waloryzowane od 2019 roku. Pisali\u015bmy o tym <strong><a href=\"https:\/\/www.projektwrzesnia.pl\/wordpress\/10101115\/\">tutaj<\/a><\/strong>.<\/p>\n\n\n\n<p>Debata i dyskusja nad uchwa\u0142\u0105 odby\u0142a si\u0119 na sesji Rady Miejskiej pod koniec czerwca. Niestety burmistrz Tomasz Ka\u0142u\u017cny zaj\u0105\u0142 negatywne stanowisko. W efekcie w trakcie g\u0142osowania g\u0142\u00f3wnie g\u0142osami PO, Unii Wrze\u015bnian i PiS-u, podwy\u017cki przepad\u0142y. Pisali\u015bmy o tym <strong><a href=\"https:\/\/www.projektwrzesnia.pl\/wordpress\/10101176\/\">tutaj<\/a><\/strong>.<\/p>\n\n\n\n<p>Nadal jednak uwa\u017camy, \u017ce uchwa\u0142a powinna zosta\u0107 przyj\u0119ta, dlatego z\u0142o\u017cyli\u015bmy now\u0105 uchwa\u0142\u0119. Ponownie zaproponowali\u015bmy zmiany stawek nauczycieli pe\u0142ni\u0105cych funkcje w nast\u0119puj\u0105cy spos\u00f3b:<\/p>\n\n\n\n<p>\u2013 wychowawcy klasy z 300 z\u0142 do 500 z\u0142,<\/p>\n\n\n\n<p>\u2013 opiekuj\u0105cego si\u0119 oddzia\u0142em przedszkolnym z 300 z\u0142 do 500 z\u0142,<\/p>\n\n\n\n<p>\u2013 opiekuna sta\u017cu lub mentora z 200 z\u0142 do 300 z\u0142,<\/p>\n\n\n\n<p>\u2013 doradcy metodycznego lub nauczyciela konsultanta z 100 z\u0142 do 200 z\u0142.&nbsp; Dodatkowo zaproponowali\u015bmy zwi\u0119kszenie dodatku motywacyjnego dla nauczycieli z 30% do 40% jego wynagrodzenia zasadniczego. Mamy nadziej\u0119, \u017ce tym razem wi\u0119kszo\u015b\u0107 radnych poprze propozycje korzystne dla nauczycieli.<\/p>\n\n\n\n<p>\u00a0\u00a0<\/p>\n","protected":false},"excerpt":{"rendered":"<p>Dzisiaj ponownie z\u0142o\u017cyli\u015bmy uchwa\u0142\u0119 w sprawie zmiany regulaminu wynagradzania nauczycieli w szko\u0142ach prowadzonych przez Gmin\u0119 Wrze\u015bnia.<\/p>\n","protected":false},"author":3,"featured_media":10101184,"comment_status":"open","ping_status":"open","sticky":false,"template":"","format":"standard","meta":{"_acf_changed":false,"footnotes":""},"categories":[43],"tags":[],"class_list":["post-10101183","post","type-post","status-publish","format-standard","has-post-thumbnail","hentry","category-aktualnosci"],"acf":[],"_links":{"self":[{"href":"https:\/\/www.projektwrzesnia.pl\/wordpress\/wp-json\/wp\/v2\/posts\/10101183","targetHints":{"allow":["GET"]}}],"collection":[{"href":"https:\/\/www.projektwrzesnia.pl\/wordpress\/wp-json\/wp\/v2\/posts"}],"about":[{"href":"https:\/\/www.projektwrzesnia.pl\/wordpress\/wp-json\/wp\/v2\/types\/post"}],"author":[{"embeddable":true,"href":"https:\/\/www.projektwrzesnia.pl\/wordpress\/wp-json\/wp\/v2\/users\/3"}],"replies":[{"embeddable":true,"href":"https:\/\/www.projektwrzesnia.pl\/wordpress\/wp-json\/wp\/v2\/comments?post=10101183"}],"version-history":[{"count":1,"href":"https:\/\/www.projektwrzesnia.pl\/wordpress\/wp-json\/wp\/v2\/posts\/10101183\/revisions"}],"predecessor-version":[{"id":10101185,"href":"https:\/\/www.projektwrzesnia.pl\/wordpress\/wp-json\/wp\/v2\/posts\/10101183\/revisions\/10101185"}],"wp:featuredmedia":[{"embeddable":true,"href":"https:\/\/www.projektwrzesnia.pl\/wordpress\/wp-json\/wp\/v2\/media\/10101184"}],"wp:attachment":[{"href":"https:\/\/www.projektwrzesnia.pl\/wordpress\/wp-json\/wp\/v2\/media?parent=10101183"}],"wp:term":[{"taxonomy":"category","embeddable":true,"href":"https:\/\/www.projektwrzesnia.pl\/wordpress\/wp-json\/wp\/v2\/categories?post=10101183"},{"taxonomy":"post_tag","embeddable":true,"href":"https:\/\/www.projektwrzesnia.pl\/wordpress\/wp-json\/wp\/v2\/tags?post=10101183"}],"curies":[{"name":"wp","href":"https:\/\/api.w.org\/{rel}","templated":true}]}}