{"id":10101186,"date":"2023-07-06T20:41:51","date_gmt":"2023-07-06T19:41:51","guid":{"rendered":"https:\/\/www.projektwrzesnia.pl\/wordpress\/?p=10101186"},"modified":"2023-07-06T20:41:53","modified_gmt":"2023-07-06T19:41:53","slug":"parking-przy-dworcu-ciag-dalszy","status":"publish","type":"post","link":"https:\/\/www.projektwrzesnia.pl\/wordpress\/10101186\/","title":{"rendered":"Parking przy dworcu \u2013 ci\u0105g dalszy"},"content":{"rendered":"\n<p>W marcu pisali\u015bmy o perturbacjach dotycz\u0105cych sprawy przekazania Gminie Wrze\u015bnia dzia\u0142ki przy dworcu kolejowym w celu wybudowania tam parkingu. Pisali\u015bmy o tym <strong><a href=\"https:\/\/www.projektwrzesnia.pl\/wordpress\/10100899\/\">tutaj<\/a><\/strong>.<\/p>\n\n\n\n<p>Na szcz\u0119\u015bcie przeciwno\u015bci zosta\u0142y pokonane i PKP S.A. uzyska\u0142o pozytywne stanowisko PKP Polskie Linie Kolejowe S.A. odno\u015bnie mo\u017cliwo\u015bci dokonania przekazania parkingu Gminie Wrze\u015bnia. Aktualnie przygotowywana jest dokumentacja niezb\u0119dna do przeprowadzenia transakcji. PKP S.A. musi jeszcze wyst\u0105pi\u0107 o uzyskanie zg\u00f3d korporacyjnych niezb\u0119dnych do obrotu nieruchomo\u015bci\u0105. <\/p>\n\n\n\n<p>Sprawa parkingu przy dworcu kolejowym trwa ju\u017c kilka lat. Wszyscy chcieliby\u015bmy, \u017ceby jak najszybciej dosz\u0142o do przekazania parkingu Gminie Wrze\u015bnia.<\/p>\n","protected":false},"excerpt":{"rendered":"<p>Od kilku lat tocz\u0105 si\u0119 procedury zwi\u0105zane z przekazaniem gminie Wrze\u015bnia parkingu przy dworcu kolejowym we Wrze\u015bni. PKP S.A. poinformowa\u0142o nas, \u017ce aktualnie przygotowywana jest dokumentacja niezb\u0119dna do przeprowadzenia obrotu nieruchomo\u015bci\u0105.<\/p>\n","protected":false},"author":3,"featured_media":10101189,"comment_status":"open","ping_status":"open","sticky":false,"template":"","format":"standard","meta":{"_acf_changed":false,"footnotes":""},"categories":[43],"tags":[],"class_list":["post-10101186","post","type-post","status-publish","format-standard","has-post-thumbnail","hentry","category-aktualnosci"],"acf":[],"_links":{"self":[{"href":"https:\/\/www.projektwrzesnia.pl\/wordpress\/wp-json\/wp\/v2\/posts\/10101186","targetHints":{"allow":["GET"]}}],"collection":[{"href":"https:\/\/www.projektwrzesnia.pl\/wordpress\/wp-json\/wp\/v2\/posts"}],"about":[{"href":"https:\/\/www.projektwrzesnia.pl\/wordpress\/wp-json\/wp\/v2\/types\/post"}],"author":[{"embeddable":true,"href":"https:\/\/www.projektwrzesnia.pl\/wordpress\/wp-json\/wp\/v2\/users\/3"}],"replies":[{"embeddable":true,"href":"https:\/\/www.projektwrzesnia.pl\/wordpress\/wp-json\/wp\/v2\/comments?post=10101186"}],"version-history":[{"count":1,"href":"https:\/\/www.projektwrzesnia.pl\/wordpress\/wp-json\/wp\/v2\/posts\/10101186\/revisions"}],"predecessor-version":[{"id":10101188,"href":"https:\/\/www.projektwrzesnia.pl\/wordpress\/wp-json\/wp\/v2\/posts\/10101186\/revisions\/10101188"}],"wp:featuredmedia":[{"embeddable":true,"href":"https:\/\/www.projektwrzesnia.pl\/wordpress\/wp-json\/wp\/v2\/media\/10101189"}],"wp:attachment":[{"href":"https:\/\/www.projektwrzesnia.pl\/wordpress\/wp-json\/wp\/v2\/media?parent=10101186"}],"wp:term":[{"taxonomy":"category","embeddable":true,"href":"https:\/\/www.projektwrzesnia.pl\/wordpress\/wp-json\/wp\/v2\/categories?post=10101186"},{"taxonomy":"post_tag","embeddable":true,"href":"https:\/\/www.projektwrzesnia.pl\/wordpress\/wp-json\/wp\/v2\/tags?post=10101186"}],"curies":[{"name":"wp","href":"https:\/\/api.w.org\/{rel}","templated":true}]}}