{"id":10101219,"date":"2023-07-12T15:23:13","date_gmt":"2023-07-12T14:23:13","guid":{"rendered":"https:\/\/www.projektwrzesnia.pl\/wordpress\/?p=10101219"},"modified":"2023-07-12T15:23:14","modified_gmt":"2023-07-12T14:23:14","slug":"letnie-porzadki-w-psarach-wielkich","status":"publish","type":"post","link":"https:\/\/www.projektwrzesnia.pl\/wordpress\/10101219\/","title":{"rendered":"Letnie porz\u0105dki w Psarach Wielkich"},"content":{"rendered":"\n<p>Wczorajszy letni wiecz\u00f3r sp\u0119dzili\u015bmy na porz\u0105dkowaniu cmentarza ewangelickiego w Psarach Wielkich. Pi\u0119kna pogoda sprzyja\u0142a uporz\u0105dkowaniu terenu wok\u00f3\u0142 nagrobk\u00f3w \u2013 wyrwaniu chwast\u00f3w i posprz\u0105taniu.<\/p>\n\n\n\n<p>Warto przypomnie\u0107, \u017ce cmentarz ewangelicki w Psarach Wielkich zosta\u0142 za\u0142o\u017cony w II po\u0142owie XIX wieku. Do niedawna ukryty by\u0142 w g\u0119stym lesie, ale po wichurze z dnia 11 sierpnia 2017 roku jest ods\u0142oni\u0119ty i dobrze widoczny, tym bardziej \u017ce jest usytuowany na ma\u0142ym wzniesieniu terenu w p\u00f3\u0142nocnej cz\u0119\u015bci wsi. Historia nie obesz\u0142a si\u0119 z nim \u0142askawie i do dnia dzisiejszego widoczne s\u0105 tylko trzy groby. To jednak wci\u0105\u017c bardzo ciekawa historia naszej okolicy.<\/p>\n","protected":false},"excerpt":{"rendered":"<p>Wczorajszy letni wiecz\u00f3r sp\u0119dzili\u015bmy na porz\u0105dkowaniu cmentarza ewangelickiego w Psarach Wielkich. <\/p>\n","protected":false},"author":3,"featured_media":10101220,"comment_status":"open","ping_status":"open","sticky":false,"template":"","format":"standard","meta":{"_acf_changed":false,"footnotes":""},"categories":[43],"tags":[],"class_list":["post-10101219","post","type-post","status-publish","format-standard","has-post-thumbnail","hentry","category-aktualnosci"],"acf":[],"_links":{"self":[{"href":"https:\/\/www.projektwrzesnia.pl\/wordpress\/wp-json\/wp\/v2\/posts\/10101219","targetHints":{"allow":["GET"]}}],"collection":[{"href":"https:\/\/www.projektwrzesnia.pl\/wordpress\/wp-json\/wp\/v2\/posts"}],"about":[{"href":"https:\/\/www.projektwrzesnia.pl\/wordpress\/wp-json\/wp\/v2\/types\/post"}],"author":[{"embeddable":true,"href":"https:\/\/www.projektwrzesnia.pl\/wordpress\/wp-json\/wp\/v2\/users\/3"}],"replies":[{"embeddable":true,"href":"https:\/\/www.projektwrzesnia.pl\/wordpress\/wp-json\/wp\/v2\/comments?post=10101219"}],"version-history":[{"count":1,"href":"https:\/\/www.projektwrzesnia.pl\/wordpress\/wp-json\/wp\/v2\/posts\/10101219\/revisions"}],"predecessor-version":[{"id":10101221,"href":"https:\/\/www.projektwrzesnia.pl\/wordpress\/wp-json\/wp\/v2\/posts\/10101219\/revisions\/10101221"}],"wp:featuredmedia":[{"embeddable":true,"href":"https:\/\/www.projektwrzesnia.pl\/wordpress\/wp-json\/wp\/v2\/media\/10101220"}],"wp:attachment":[{"href":"https:\/\/www.projektwrzesnia.pl\/wordpress\/wp-json\/wp\/v2\/media?parent=10101219"}],"wp:term":[{"taxonomy":"category","embeddable":true,"href":"https:\/\/www.projektwrzesnia.pl\/wordpress\/wp-json\/wp\/v2\/categories?post=10101219"},{"taxonomy":"post_tag","embeddable":true,"href":"https:\/\/www.projektwrzesnia.pl\/wordpress\/wp-json\/wp\/v2\/tags?post=10101219"}],"curies":[{"name":"wp","href":"https:\/\/api.w.org\/{rel}","templated":true}]}}