{"id":10101226,"date":"2023-07-17T07:17:00","date_gmt":"2023-07-17T06:17:00","guid":{"rendered":"https:\/\/www.projektwrzesnia.pl\/wordpress\/?p=10101226"},"modified":"2023-07-20T07:18:10","modified_gmt":"2023-07-20T06:18:10","slug":"bialezyce-cup-2023","status":"publish","type":"post","link":"https:\/\/www.projektwrzesnia.pl\/wordpress\/10101226\/","title":{"rendered":"Bia\u0142\u0119\u017cyce Cup 2023"},"content":{"rendered":"\n<p>W niedziel\u0119 zesp\u00f3\u0142 FC Bia\u0142\u0119\u017cyce zorganizowa\u0142 turniej Bia\u0142\u0119\u017cyce Cup 2023 im. Jakuba Gacy. Ca\u0142ej ekipie nale\u017c\u0105 si\u0119 gratulacje oraz s\u0142owa uznania za prac\u0119 w\u0142o\u017con\u0105 w organizacj\u0119. Jako Projekt Wrze\u015bnia w\u0142\u0105czyli\u015bmy si\u0119 w to warto\u015bciowe przedsi\u0119wzi\u0119cie oraz wsp\u00f3ln\u0105 zbi\u00f3rk\u0119 na rzecz Kacperka Czerwi\u0144skiego.<\/p>\n","protected":false},"excerpt":{"rendered":"<p>W niedziel\u0119 zesp\u00f3\u0142 FC Bia\u0142\u0119\u017cyce zorganizowa\u0142 turniej Bia\u0142\u0119\u017cyce Cup 2023 im. Jakuba Gacy. Ca\u0142ej ekipie nale\u017c\u0105 si\u0119 gratulacje oraz s\u0142owa uznania za prac\u0119 w\u0142o\u017con\u0105 w organizacj\u0119.<\/p>\n","protected":false},"author":3,"featured_media":10101229,"comment_status":"open","ping_status":"open","sticky":false,"template":"","format":"standard","meta":{"_acf_changed":false,"footnotes":""},"categories":[43],"tags":[],"class_list":["post-10101226","post","type-post","status-publish","format-standard","has-post-thumbnail","hentry","category-aktualnosci"],"acf":[],"_links":{"self":[{"href":"https:\/\/www.projektwrzesnia.pl\/wordpress\/wp-json\/wp\/v2\/posts\/10101226","targetHints":{"allow":["GET"]}}],"collection":[{"href":"https:\/\/www.projektwrzesnia.pl\/wordpress\/wp-json\/wp\/v2\/posts"}],"about":[{"href":"https:\/\/www.projektwrzesnia.pl\/wordpress\/wp-json\/wp\/v2\/types\/post"}],"author":[{"embeddable":true,"href":"https:\/\/www.projektwrzesnia.pl\/wordpress\/wp-json\/wp\/v2\/users\/3"}],"replies":[{"embeddable":true,"href":"https:\/\/www.projektwrzesnia.pl\/wordpress\/wp-json\/wp\/v2\/comments?post=10101226"}],"version-history":[{"count":1,"href":"https:\/\/www.projektwrzesnia.pl\/wordpress\/wp-json\/wp\/v2\/posts\/10101226\/revisions"}],"predecessor-version":[{"id":10101228,"href":"https:\/\/www.projektwrzesnia.pl\/wordpress\/wp-json\/wp\/v2\/posts\/10101226\/revisions\/10101228"}],"wp:featuredmedia":[{"embeddable":true,"href":"https:\/\/www.projektwrzesnia.pl\/wordpress\/wp-json\/wp\/v2\/media\/10101229"}],"wp:attachment":[{"href":"https:\/\/www.projektwrzesnia.pl\/wordpress\/wp-json\/wp\/v2\/media?parent=10101226"}],"wp:term":[{"taxonomy":"category","embeddable":true,"href":"https:\/\/www.projektwrzesnia.pl\/wordpress\/wp-json\/wp\/v2\/categories?post=10101226"},{"taxonomy":"post_tag","embeddable":true,"href":"https:\/\/www.projektwrzesnia.pl\/wordpress\/wp-json\/wp\/v2\/tags?post=10101226"}],"curies":[{"name":"wp","href":"https:\/\/api.w.org\/{rel}","templated":true}]}}