{"id":10101230,"date":"2023-07-19T19:20:00","date_gmt":"2023-07-19T18:20:00","guid":{"rendered":"https:\/\/www.projektwrzesnia.pl\/wordpress\/?p=10101230"},"modified":"2023-07-20T07:21:18","modified_gmt":"2023-07-20T06:21:18","slug":"ulica-owocowa-srodki-na-budowe-coraz-blizej","status":"publish","type":"post","link":"https:\/\/www.projektwrzesnia.pl\/wordpress\/10101230\/","title":{"rendered":"Ulica Owocowa \u2013 \u015brodki na budow\u0119 coraz bli\u017cej"},"content":{"rendered":"\n<p>Od wielu lat wsp\u00f3\u0142dzia\u0142amy z mieszka\u0144cami ulicy Owocowej oraz ulic przyleg\u0142ych w kwestii budowy dr\u00f3g. Przez te wszystkie lata sk\u0142adali\u015bmy wnioski, petycje i poprawki do bud\u017cetu. Robili\u015bmy wszystko, aby nie burmistrz i rada nie zapominali o potrzebach mieszka\u0144c\u00f3w osiedla przy ulicy Owocowej.<\/p>\n\n\n\n<p>Przypomnijmy, \u017ce w marcu zwr\u00f3cili\u015bmy si\u0119 do Wojewody Wielkopolskiego z pro\u015bb\u0105 o przydzielenie w ramach Rz\u0105dowego Funduszu Rozwoju Dr\u00f3g \u015brodk\u00f3w finansowych na zadanie zwi\u0105zane z budowa ulicy Owocowej. Obecnie zadanie to jest na li\u015bcie rezerwowej na pozycji trzeciej (wcze\u015bniej by\u0142o na miejscu sz\u00f3stym) \u2013 link <strong><a href=\"https:\/\/www.poznan.uw.gov.pl\/rzadowy-fundusz-rozwoju-drog-2023\/nabor-wnioskow-na-dofinansowanie-z-rzadowego-funduszu-rozwoju-drog\">tutaj<\/a><\/strong>. Zmiany na li\u015bcie dokonywane s\u0105 sukcesywnie i wynikaj\u0105 z pojawienia si\u0119 oszcz\u0119dno\u015bci poprzetargowych lub rezygnacji jednostek samorz\u0105du terytorialnego z realizacji inwestycji. Je\u015bli zatem pojawi\u0105 si\u0119 kolejne oszcz\u0119dno\u015bci istnieje szansa na realizacj\u0119 ulicy Owocowej. S\u0105 du\u017ce szanse, \u017ce tak b\u0119dzie.<\/p>\n\n\n\n<p>Trzymamy kciuki!<\/p>\n","protected":false},"excerpt":{"rendered":"<p>Kilka dni temu opublikowano kolejn\u0105 wersj\u0119 listy rezerwowej w ramach Rz\u0105dowego Funduszu Rozwoju Dr\u00f3g. Budowa ulicy Owocowej jest ju\u017c na 3 miejscu w kolejce.<\/p>\n","protected":false},"author":3,"featured_media":10101231,"comment_status":"open","ping_status":"open","sticky":false,"template":"","format":"standard","meta":{"_acf_changed":false,"footnotes":""},"categories":[43],"tags":[],"class_list":["post-10101230","post","type-post","status-publish","format-standard","has-post-thumbnail","hentry","category-aktualnosci"],"acf":[],"_links":{"self":[{"href":"https:\/\/www.projektwrzesnia.pl\/wordpress\/wp-json\/wp\/v2\/posts\/10101230","targetHints":{"allow":["GET"]}}],"collection":[{"href":"https:\/\/www.projektwrzesnia.pl\/wordpress\/wp-json\/wp\/v2\/posts"}],"about":[{"href":"https:\/\/www.projektwrzesnia.pl\/wordpress\/wp-json\/wp\/v2\/types\/post"}],"author":[{"embeddable":true,"href":"https:\/\/www.projektwrzesnia.pl\/wordpress\/wp-json\/wp\/v2\/users\/3"}],"replies":[{"embeddable":true,"href":"https:\/\/www.projektwrzesnia.pl\/wordpress\/wp-json\/wp\/v2\/comments?post=10101230"}],"version-history":[{"count":1,"href":"https:\/\/www.projektwrzesnia.pl\/wordpress\/wp-json\/wp\/v2\/posts\/10101230\/revisions"}],"predecessor-version":[{"id":10101232,"href":"https:\/\/www.projektwrzesnia.pl\/wordpress\/wp-json\/wp\/v2\/posts\/10101230\/revisions\/10101232"}],"wp:featuredmedia":[{"embeddable":true,"href":"https:\/\/www.projektwrzesnia.pl\/wordpress\/wp-json\/wp\/v2\/media\/10101231"}],"wp:attachment":[{"href":"https:\/\/www.projektwrzesnia.pl\/wordpress\/wp-json\/wp\/v2\/media?parent=10101230"}],"wp:term":[{"taxonomy":"category","embeddable":true,"href":"https:\/\/www.projektwrzesnia.pl\/wordpress\/wp-json\/wp\/v2\/categories?post=10101230"},{"taxonomy":"post_tag","embeddable":true,"href":"https:\/\/www.projektwrzesnia.pl\/wordpress\/wp-json\/wp\/v2\/tags?post=10101230"}],"curies":[{"name":"wp","href":"https:\/\/api.w.org\/{rel}","templated":true}]}}