{"id":10101233,"date":"2023-07-20T19:47:23","date_gmt":"2023-07-20T18:47:23","guid":{"rendered":"https:\/\/www.projektwrzesnia.pl\/wordpress\/?p=10101233"},"modified":"2023-07-21T06:52:44","modified_gmt":"2023-07-21T05:52:44","slug":"pwik-pod-kreska","status":"publish","type":"post","link":"https:\/\/www.projektwrzesnia.pl\/wordpress\/10101233\/","title":{"rendered":"PWiK pod kresk\u0105"},"content":{"rendered":"\n<p>Przedsi\u0119biorstwo Wodoci\u0105g\u00f3w i Kanalizacji Sp. z o.o. we Wrze\u015bni jest sp\u00f3\u0142k\u0105 komunaln\u0105, kt\u00f3rej w\u0142a\u015bcicielem jest Miasto i Gmina Wrze\u015bnia. Dostarcza ona wod\u0119 do mieszka\u0144 i dom\u00f3w w ca\u0142ej gminie oraz odbiera \u015bcieki, kt\u00f3re nast\u0119pnie poprzez kanalizacj\u0119 s\u0105 t\u0142oczone do oczyszczalni \u015bciek\u00f3w.<\/p>\n\n\n\n<p>Niedawno opublikowano wyniki finansowe za miniony rok. Niestety PWiK zanotowa\u0142o w 2022 roku strat\u0119 w wysoko\u015bci 2.152.699,06 z\u0142. To do\u015b\u0107 du\u017ca strata, wi\u0119c tym bardzie dziwi\u0105 wysokie wydatki na zarz\u0105d i rad\u0119 nadzorcz\u0105. W latach poprzednich sytuacja wygl\u0105da\u0142a lepiej, wi\u0119c wydatki na zarz\u0105d i rad\u0119 nadzorcz\u0105 da\u0142o si\u0119 uzasadni\u0107. W 2021 roku PWiK osi\u0105gn\u0119\u0142o zysk w wysoko\u015bci 1.082.682,02 z\u0142, w 2020 roku 829.376,25 z\u0142, w 2019 roku 2.043.547,07 z\u0142, w 2018 roku 1.810.961,27 z\u0142, a w 2017 roku 1.281.383,89 z\u0142.\u00a0\u00a0<\/p>\n\n\n\n<p>Zobaczymy, jak sytuacja b\u0119dzie wygl\u0105da\u0142a w obecnym roku.<\/p>\n","protected":false},"excerpt":{"rendered":"<p>Niedawno opublikowano wyniki finansowe Przedsi\u0119biorstwa Wodoci\u0105g\u00f3w i Kanalizacji Sp. z o.o. we Wrze\u015bni. Niestety ostatni rok PWiK zamkn\u0105\u0142 strat\u0105 w wysoko\u015bci ponad 2 milion\u00f3w z\u0142otych. <\/p>\n","protected":false},"author":3,"featured_media":10101234,"comment_status":"open","ping_status":"open","sticky":false,"template":"","format":"standard","meta":{"_acf_changed":false,"footnotes":""},"categories":[43],"tags":[],"class_list":["post-10101233","post","type-post","status-publish","format-standard","has-post-thumbnail","hentry","category-aktualnosci"],"acf":[],"_links":{"self":[{"href":"https:\/\/www.projektwrzesnia.pl\/wordpress\/wp-json\/wp\/v2\/posts\/10101233","targetHints":{"allow":["GET"]}}],"collection":[{"href":"https:\/\/www.projektwrzesnia.pl\/wordpress\/wp-json\/wp\/v2\/posts"}],"about":[{"href":"https:\/\/www.projektwrzesnia.pl\/wordpress\/wp-json\/wp\/v2\/types\/post"}],"author":[{"embeddable":true,"href":"https:\/\/www.projektwrzesnia.pl\/wordpress\/wp-json\/wp\/v2\/users\/3"}],"replies":[{"embeddable":true,"href":"https:\/\/www.projektwrzesnia.pl\/wordpress\/wp-json\/wp\/v2\/comments?post=10101233"}],"version-history":[{"count":2,"href":"https:\/\/www.projektwrzesnia.pl\/wordpress\/wp-json\/wp\/v2\/posts\/10101233\/revisions"}],"predecessor-version":[{"id":10101238,"href":"https:\/\/www.projektwrzesnia.pl\/wordpress\/wp-json\/wp\/v2\/posts\/10101233\/revisions\/10101238"}],"wp:featuredmedia":[{"embeddable":true,"href":"https:\/\/www.projektwrzesnia.pl\/wordpress\/wp-json\/wp\/v2\/media\/10101234"}],"wp:attachment":[{"href":"https:\/\/www.projektwrzesnia.pl\/wordpress\/wp-json\/wp\/v2\/media?parent=10101233"}],"wp:term":[{"taxonomy":"category","embeddable":true,"href":"https:\/\/www.projektwrzesnia.pl\/wordpress\/wp-json\/wp\/v2\/categories?post=10101233"},{"taxonomy":"post_tag","embeddable":true,"href":"https:\/\/www.projektwrzesnia.pl\/wordpress\/wp-json\/wp\/v2\/tags?post=10101233"}],"curies":[{"name":"wp","href":"https:\/\/api.w.org\/{rel}","templated":true}]}}