{"id":10101248,"date":"2023-07-28T14:10:14","date_gmt":"2023-07-28T13:10:14","guid":{"rendered":"https:\/\/www.projektwrzesnia.pl\/wordpress\/?p=10101248"},"modified":"2023-07-28T14:10:18","modified_gmt":"2023-07-28T13:10:18","slug":"drugi-rzadowy-program-odbudowy-zabytkow","status":"publish","type":"post","link":"https:\/\/www.projektwrzesnia.pl\/wordpress\/10101248\/","title":{"rendered":"Drugi Rz\u0105dowy Program Odbudowy Zabytk\u00f3w"},"content":{"rendered":"\n<p>Dwa dni temu Minister Kultury i Dziedzictwa Narodowego dnia og\u0142osi\u0142 Rz\u0105dowy Program Odbudowy Zabytk\u00f3w (II nab\u00f3r). Jednostki samorz\u0105du terytorialnego b\u0119d\u0105 mog\u0142y ubiega\u0107 si\u0119 o dofinansowanie m.in. na renowacje zabytkowych budynk\u00f3w \u2013 nawet do 3,5 mln z\u0142.<\/p>\n\n\n\n<p>W pierwszym naborze zg\u0142osili\u015bmy mi\u0119dzy innymi pa\u0142ac w Gutowie Ma\u0142ym. Pisali\u015bmy o tym <strong><a href=\"https:\/\/www.projektwrzesnia.pl\/wordpress\/990\/\">tutaj<\/a><\/strong>. Niedawno og\u0142oszono wyniki i okaza\u0142o si\u0119, \u017ce zosta\u0142a przyznana dotacja na remont fasady. O takie rozstrzygni\u0119cie r\u00f3wnie\u017c wnosili\u015bmy.<\/p>\n\n\n\n<p>Do drugiego naboru zaproponowali\u015bmy z\u0142o\u017cenie wniosk\u00f3w o dofinansowanie na:<\/p>\n\n\n\n<p>&#8211; rewaloryzacj\u0119 Ogrodu Bractwa Kurkowego we Wrze\u015bni (za\u0142o\u017cony w 1925 roku),<\/p>\n\n\n\n<p>&#8211; rewaloryzacj\u0119 parku i remont wn\u0119trz pa\u0142acu w Gutowie Ma\u0142ym (powsta\u0142y ok. 1895 roku),<\/p>\n\n\n\n<p>&#8211; remont dworu i rewaloryzacj\u0119 parku w Marzeninie (pochodz\u0105cy z 1896 roku),<\/p>\n\n\n\n<p>&#8211; remont dworu i rewaloryzacj\u0119 parku w W\u0119gierkach (pochodz\u0105cy z oko\u0142o 1870 roku),<\/p>\n\n\n\n<p>&#8211; renowacje ko\u015bcio\u0142a farnego we Wrze\u015bni (XV wiek).<\/p>\n\n\n\n<p>W naszym pi\u015bmie do burmistrza Wrze\u015bni wskazali\u015bmy, \u017ce Stowarzyszenie Projekt Wrze\u015bnia pozostaje do dyspozycji w kwestii pomocy w pracach nad z\u0142o\u017ceniem wniosku.<\/p>\n","protected":false},"excerpt":{"rendered":"<p>W\u0142a\u015bnie og\u0142oszono kolejn\u0105 tur\u0119 Rz\u0105dowego Programu Odbudowy Zabytk\u00f3w. Wnie\u015bli\u015bmy, aby z\u0142o\u017cono wnioski o dofinansowanie na rewaloryzacj\u0119 Ogrodu Bractwa Kurkowego we Wrze\u015bni oraz kilku innych zabytk\u00f3w. <\/p>\n","protected":false},"author":3,"featured_media":10101249,"comment_status":"open","ping_status":"open","sticky":false,"template":"","format":"standard","meta":{"_acf_changed":false,"footnotes":""},"categories":[43],"tags":[],"class_list":["post-10101248","post","type-post","status-publish","format-standard","has-post-thumbnail","hentry","category-aktualnosci"],"acf":[],"_links":{"self":[{"href":"https:\/\/www.projektwrzesnia.pl\/wordpress\/wp-json\/wp\/v2\/posts\/10101248","targetHints":{"allow":["GET"]}}],"collection":[{"href":"https:\/\/www.projektwrzesnia.pl\/wordpress\/wp-json\/wp\/v2\/posts"}],"about":[{"href":"https:\/\/www.projektwrzesnia.pl\/wordpress\/wp-json\/wp\/v2\/types\/post"}],"author":[{"embeddable":true,"href":"https:\/\/www.projektwrzesnia.pl\/wordpress\/wp-json\/wp\/v2\/users\/3"}],"replies":[{"embeddable":true,"href":"https:\/\/www.projektwrzesnia.pl\/wordpress\/wp-json\/wp\/v2\/comments?post=10101248"}],"version-history":[{"count":1,"href":"https:\/\/www.projektwrzesnia.pl\/wordpress\/wp-json\/wp\/v2\/posts\/10101248\/revisions"}],"predecessor-version":[{"id":10101250,"href":"https:\/\/www.projektwrzesnia.pl\/wordpress\/wp-json\/wp\/v2\/posts\/10101248\/revisions\/10101250"}],"wp:featuredmedia":[{"embeddable":true,"href":"https:\/\/www.projektwrzesnia.pl\/wordpress\/wp-json\/wp\/v2\/media\/10101249"}],"wp:attachment":[{"href":"https:\/\/www.projektwrzesnia.pl\/wordpress\/wp-json\/wp\/v2\/media?parent=10101248"}],"wp:term":[{"taxonomy":"category","embeddable":true,"href":"https:\/\/www.projektwrzesnia.pl\/wordpress\/wp-json\/wp\/v2\/categories?post=10101248"},{"taxonomy":"post_tag","embeddable":true,"href":"https:\/\/www.projektwrzesnia.pl\/wordpress\/wp-json\/wp\/v2\/tags?post=10101248"}],"curies":[{"name":"wp","href":"https:\/\/api.w.org\/{rel}","templated":true}]}}