{"id":10101833,"date":"2023-12-21T20:07:01","date_gmt":"2023-12-21T19:07:01","guid":{"rendered":"https:\/\/www.projektwrzesnia.pl\/wordpress\/?p=10101833"},"modified":"2024-01-09T20:41:27","modified_gmt":"2024-01-09T19:41:27","slug":"sesja-budzetowa-3","status":"publish","type":"post","link":"https:\/\/www.projektwrzesnia.pl\/wordpress\/10101833\/","title":{"rendered":"Sesja bud\u017cetowa"},"content":{"rendered":"\n<p>Dzisiejsza sesja by\u0142a po\u015bwi\u0119cona dw\u00f3m wa\u017cnym blokom tematycznym. Pierwszy dotyczy\u0142 podj\u0119cia uchwa\u0142 w ponad dwudziestu sprawach, istotnych dla gminy. Drugi dotyczy\u0142 przyj\u0119cia bud\u017cetu na 2024 rok.<\/p>\n\n\n\n<p>W sprawie tej ostatniej warto wskaza\u0107, \u017ce bud\u017cet na przysz\u0142y rok zak\u0142ada dochody na poziomie 262 mln z\u0142, a wydatki na poziomie 308 mln z\u0142. Wydatki maj\u0105tkowe zaplanowano na kwot\u0119 53 mln z\u0142. Jako radni Projektu Wrze\u015bnia zg\u0142osili\u015bmy kilka propozycji do bud\u017cetu. Oto one: budowa i remont dr\u00f3g (ul. Kili\u0144skiego, ul. Kosynier\u00f3w, rejon ul. Owocowej, \u015bcie\u017cka wzd\u0142u\u017c Wrze\u015bnicy do Bierzglinka); zakup autobus\u00f3w miejskich, kt\u00f3re doje\u017cd\u017ca\u0142yby do miejscowo\u015bci bez dost\u0119pu do transportu publicznego; kontynuacja kanalizacji teren\u00f3w wiejskich; wsparcie najm\u0142odszych (pomoc psychologiczna dla dzieciak\u00f3w w szko\u0142ach, budowa plac\u00f3w zabaw na Osiedlu Tysi\u0105clecia); rozw\u00f3j teren\u00f3w zielonych (park przy ul. \u015amidowicz, Ogr\u00f3d Bractwa Kurkowego); projekt nowej biblioteki; zwi\u0119kszenie stypendi\u00f3w dla sportowc\u00f3w; stworzenie siedziby dla OSP Wrze\u015bnia oraz troska o zwierz\u0119ta (remont schroniska i sterylizacja).<\/p>\n\n\n\n<p>Niestety radni Unii Wrze\u015bnian, PO i wspieraj\u0105cy ich radni PiS nieprzychylnie odnie\u015bli si\u0119 do tych propozycji i finalnie nie znalaz\u0142y si\u0119 one w bud\u017cecie na 2024. Z tego powodu zdecydowali\u015bmy si\u0119 nie poprze\u0107 projektu bud\u017cetu.<\/p>\n\n\n\n<p>Poza samym bud\u017cetem na dzisiejszej sesji rozpatrzono ponad dwadzie\u015bcia uchwa\u0142. Kilka z nich zosta\u0142o z\u0142o\u017conych przez nas. Jedna z nich dotyczy\u0142a zasad przyznawania Stypendium Gminy Wrze\u015bnia za wysokie wyniki w nauce. Chcieli\u015bmy, aby utalentowani uczniowie otrzymali stypendium, kt\u00f3re pomo\u017ce im w rozwijaniu swoich zdolno\u015bci. Projekt nie spodoba\u0142 si\u0119 pe\u0142ni\u0105cemu obowi\u0105zki burmistrza Arturowi Mokrackiemu oraz radnym Unii Wrze\u015bnian, PO i wspieraj\u0105cym ich radnym PiS, wi\u0119c niestety nie zosta\u0142 przeg\u0142osowany pozytywnie.<\/p>\n\n\n\n<p>Kolejna nasza propozycja dotyczy\u0142a zmiany regulaminu wynagradzania nauczycieli w szko\u0142ach prowadzonych przez Gmin\u0119 Wrze\u015bnia. Chcieli\u015bmy, aby waloryzacji uleg\u0142y dodatki do wynagrodzenia, w szczeg\u00f3lno\u015bci te za wychowawstwo. Propozycja ta zosta\u0142a pozytywnie przyj\u0119ta przez nauczycieli oraz zaakceptowana przez zwi\u0105zki nauczycielskie. Niestety i tym razem radni Unii Wrze\u015bnian, PO i wspieraj\u0105cy ich radni PiS nie dopu\u015bcili do przyj\u0119cia tej uchwa\u0142y.<\/p>\n\n\n\n<p>Podobny los spotka\u0142 kolejn\u0105 uchwa\u0142\u0119 w sprawie zmiany planu zagospodarowania przestrzennego dla nieu\u017cytku gminnego u zbiegu ulic So\u0142tysiaka, Strzyka\u0142y i \u015amidowicz. Chcieli\u015bmy, \u017ceby w tym miejscu powsta\u0142 teren zielony (park, skwer) dla mieszka\u0144c\u00f3w rozrastaj\u0105cego si\u0119 osiedla wielorodzinnego.<\/p>\n\n\n\n<p>Wi\u0119ksza dyskusja wywi\u0105za\u0142a si\u0119 przy uchwale dotycz\u0105cej programu opieki nad zwierz\u0119tami bezdomnymi oraz zapobiegania bezdomno\u015bci zwierz\u0105t na terenie Miasta i Gminy Wrze\u015bnia w 2024 r. Z\u0142o\u017cyli\u015bmy poprawk\u0119 okre\u015blaj\u0105c\u0105 zadania edukacyjne, kt\u00f3re w kwestii zwierz\u0105t mia\u0142aby prowadzi\u0107 gmina. Niestety poprawka nie uzyska\u0142a poparcia. Podobnie dyskusja wywi\u0105za\u0142a si\u0119 w kwestii skontrolowania przez Komisj\u0119 Rewizyjn\u0105 Rady wydatk\u00f3w biblioteki. Pomimo afery w bibliotece radni burmistrza byli przeciw przyjrzeniu si\u0119 sprawie.<\/p>\n\n\n\n<p>Poza tym w czasie sesji procedowali\u015bmy mi\u0119dzy innymi&nbsp; uchwa\u0142y dotycz\u0105ce powstania so\u0142ectwa Nadarzyce, przyst\u0105pienia do zmian oraz opracowania miejscowych plan\u00f3w zagospodarowania przestrzennego, zmian w programach realizowanych przez O\u015brodek Pomocy Spo\u0142ecznej oraz rozpatrzono skargi mieszka\u0144c\u00f3w.&nbsp;&nbsp;<\/p>\n\n\n\n<p>Pomimo tego wszystkiego nadal b\u0119dziemy kontynuowa\u0107 nasz\u0105 dzia\u0142alno\u015b\u0107 dla mieszka\u0144c\u00f3w, wierz\u0105c w si\u0142\u0119 wsp\u00f3lnoty. Nieustannie b\u0119dziemy szuka\u0107 mo\u017cliwo\u015bci rozwoju i poprawy, poniewa\u017c wierzymy, \u017ce nasze wysi\u0142ki przynios\u0105 w przysz\u0142o\u015bci pozytywne rezultaty dla wszystkich mieszka\u0144c\u00f3w naszego miasta.<\/p>\n","protected":false},"excerpt":{"rendered":"<p>W\u0142a\u015bnie zako\u0144czy\u0142a si\u0119 XLVI Sesja Rady Miejskiej we Wrze\u015bni, w czasie kt\u00f3rej procedowano bud\u017cet na 2024 rok oraz wiele wa\u017cnych uchwa\u0142. <\/p>\n","protected":false},"author":3,"featured_media":10101834,"comment_status":"open","ping_status":"open","sticky":false,"template":"","format":"standard","meta":{"_acf_changed":false,"footnotes":""},"categories":[15],"tags":[],"class_list":["post-10101833","post","type-post","status-publish","format-standard","has-post-thumbnail","hentry","category-15"],"acf":[],"_links":{"self":[{"href":"https:\/\/www.projektwrzesnia.pl\/wordpress\/wp-json\/wp\/v2\/posts\/10101833","targetHints":{"allow":["GET"]}}],"collection":[{"href":"https:\/\/www.projektwrzesnia.pl\/wordpress\/wp-json\/wp\/v2\/posts"}],"about":[{"href":"https:\/\/www.projektwrzesnia.pl\/wordpress\/wp-json\/wp\/v2\/types\/post"}],"author":[{"embeddable":true,"href":"https:\/\/www.projektwrzesnia.pl\/wordpress\/wp-json\/wp\/v2\/users\/3"}],"replies":[{"embeddable":true,"href":"https:\/\/www.projektwrzesnia.pl\/wordpress\/wp-json\/wp\/v2\/comments?post=10101833"}],"version-history":[{"count":2,"href":"https:\/\/www.projektwrzesnia.pl\/wordpress\/wp-json\/wp\/v2\/posts\/10101833\/revisions"}],"predecessor-version":[{"id":10101861,"href":"https:\/\/www.projektwrzesnia.pl\/wordpress\/wp-json\/wp\/v2\/posts\/10101833\/revisions\/10101861"}],"wp:featuredmedia":[{"embeddable":true,"href":"https:\/\/www.projektwrzesnia.pl\/wordpress\/wp-json\/wp\/v2\/media\/10101834"}],"wp:attachment":[{"href":"https:\/\/www.projektwrzesnia.pl\/wordpress\/wp-json\/wp\/v2\/media?parent=10101833"}],"wp:term":[{"taxonomy":"category","embeddable":true,"href":"https:\/\/www.projektwrzesnia.pl\/wordpress\/wp-json\/wp\/v2\/categories?post=10101833"},{"taxonomy":"post_tag","embeddable":true,"href":"https:\/\/www.projektwrzesnia.pl\/wordpress\/wp-json\/wp\/v2\/tags?post=10101833"}],"curies":[{"name":"wp","href":"https:\/\/api.w.org\/{rel}","templated":true}]}}