{"id":10101886,"date":"2023-12-27T21:44:59","date_gmt":"2023-12-27T20:44:59","guid":{"rendered":"https:\/\/www.projektwrzesnia.pl\/wordpress\/?p=10101886"},"modified":"2024-01-09T21:47:48","modified_gmt":"2024-01-09T20:47:48","slug":"105-rocznica-powstania-wielkopolskiego","status":"publish","type":"post","link":"https:\/\/www.projektwrzesnia.pl\/wordpress\/10101886\/","title":{"rendered":"105. rocznica Powstania Wielkopolskiego"},"content":{"rendered":"\n<p>Jak co roku ca\u0142a wrzesi\u0144ska spo\u0142eczno\u015b\u0107 \u015bwi\u0119towa\u0142a rocznic\u0119 zwyci\u0119skiego Powstania Wielkopolskiego. Jako Projekt Wrze\u015bnia z\u0142o\u017cyli\u015bmy z tej okazji znicze na mogile powsta\u0144czej oraz zapalili\u015bmy znicze. <\/p>\n\n\n\n<p>Cze\u015b\u0107 i chwa\u0142a wielkopolskim bohaterom! <\/p>\n","protected":false},"excerpt":{"rendered":"<p>Jak co roku ca\u0142a wrzesi\u0144ska spo\u0142eczno\u015b\u0107 \u015bwi\u0119towa\u0142a rocznic\u0119 zwyci\u0119skiego Powstania Wielkopolskiego.<\/p>\n","protected":false},"author":3,"featured_media":10101887,"comment_status":"open","ping_status":"open","sticky":false,"template":"","format":"standard","meta":{"_acf_changed":false,"footnotes":""},"categories":[43],"tags":[],"class_list":["post-10101886","post","type-post","status-publish","format-standard","has-post-thumbnail","hentry","category-aktualnosci"],"acf":[],"_links":{"self":[{"href":"https:\/\/www.projektwrzesnia.pl\/wordpress\/wp-json\/wp\/v2\/posts\/10101886","targetHints":{"allow":["GET"]}}],"collection":[{"href":"https:\/\/www.projektwrzesnia.pl\/wordpress\/wp-json\/wp\/v2\/posts"}],"about":[{"href":"https:\/\/www.projektwrzesnia.pl\/wordpress\/wp-json\/wp\/v2\/types\/post"}],"author":[{"embeddable":true,"href":"https:\/\/www.projektwrzesnia.pl\/wordpress\/wp-json\/wp\/v2\/users\/3"}],"replies":[{"embeddable":true,"href":"https:\/\/www.projektwrzesnia.pl\/wordpress\/wp-json\/wp\/v2\/comments?post=10101886"}],"version-history":[{"count":1,"href":"https:\/\/www.projektwrzesnia.pl\/wordpress\/wp-json\/wp\/v2\/posts\/10101886\/revisions"}],"predecessor-version":[{"id":10101888,"href":"https:\/\/www.projektwrzesnia.pl\/wordpress\/wp-json\/wp\/v2\/posts\/10101886\/revisions\/10101888"}],"wp:featuredmedia":[{"embeddable":true,"href":"https:\/\/www.projektwrzesnia.pl\/wordpress\/wp-json\/wp\/v2\/media\/10101887"}],"wp:attachment":[{"href":"https:\/\/www.projektwrzesnia.pl\/wordpress\/wp-json\/wp\/v2\/media?parent=10101886"}],"wp:term":[{"taxonomy":"category","embeddable":true,"href":"https:\/\/www.projektwrzesnia.pl\/wordpress\/wp-json\/wp\/v2\/categories?post=10101886"},{"taxonomy":"post_tag","embeddable":true,"href":"https:\/\/www.projektwrzesnia.pl\/wordpress\/wp-json\/wp\/v2\/tags?post=10101886"}],"curies":[{"name":"wp","href":"https:\/\/api.w.org\/{rel}","templated":true}]}}