{"id":10103098,"date":"2024-04-26T13:10:30","date_gmt":"2024-04-26T12:10:30","guid":{"rendered":"https:\/\/www.projektwrzesnia.pl\/wordpress\/?p=10103098"},"modified":"2024-05-26T13:26:54","modified_gmt":"2024-05-26T12:26:54","slug":"nasz-poradnik-we-wrzesni","status":"publish","type":"post","link":"https:\/\/www.projektwrzesnia.pl\/wordpress\/10103098\/","title":{"rendered":"Nasz poradnik we Wrze\u015bni!"},"content":{"rendered":"\n<p>Si\u00f3dme warsztaty w ramach naszego nowego projektu \u2013 \u201eNarz\u0119dziownik obywatelski \u2013 gdy \u015bwiat wok\u00f3\u0142 wymaga naprawy!\u201d ju\u017c za nami.<\/p>\n\n\n\n<p>Du\u017ce zainteresowanie naszym poradnikiem sprawi\u0142o, \u017ce wr\u00f3cili\u015bmy z nim do Wrze\u015bni! Na ostatnim spotkaniu w Cafe Balu wsp\u00f3lnie z mieszka\u0144cami dyskutowali\u015bmy o lokalnych wyzwaniach oraz wsp\u00f3lnie poszukiwali\u015bmy dla nich najlepszych rozwi\u0105za\u0144. Scenariusz spotkania by\u0142 dobrze znany: na pocz\u0105tku ka\u017cdy z uczestnik\u00f3w otrzyma\u0142 egzemplarz &#8222;Narz\u0119dziownika obywatelskiego&#8221; \u2013 opracowanego przez nas zbioru praktycznych wskaz\u00f3wek i inspiracji, kt\u00f3re mog\u0105 pom\u00f3c w podejmowaniu dzia\u0142a\u0144 na rzecz lokalnej spo\u0142eczno\u015bci.<\/p>\n\n\n\n<p>Spotkanie rozpocz\u0105\u0142 nie kto inny jak Damian Staniszewski, kt\u00f3ry przybli\u017cy\u0142 go\u015bciom ide\u0119 stoj\u0105c\u0105 za naszym nowym projektem. Jaki przy\u015bwieca nam cel? Bardzo prosty, chcemy do\u0142o\u017cy\u0107 swoj\u0105 cegie\u0142k\u0119 w budow\u0119 spo\u0142ecze\u0144stwa obywatelskiego, a tego jak wiadomo, nie da si\u0119 osi\u0105gn\u0105\u0107 bez skutecznych narz\u0119dzi! St\u0105d w\u0142a\u015bnie pomys\u0142 na \u201eNarz\u0119dziownik Obywatelski\u201d, przyst\u0119pny poradnik, w kt\u00f3rym zawarli\u015bmy nasz\u0105 wiedz\u0119 i do\u015bwiadczenie, mog\u0105c\u0105 pom\u00f3c, gdy trzeba zacz\u0105\u0107 dzia\u0142a\u0107, a nie do ko\u0144ca wiadomo jak.<\/p>\n\n\n\n<p>Projekt zwi\u0105zany jest z naszymi dotychczasowymi aktywno\u015bciami, o kt\u00f3rych opowiedzia\u0142a Walentyna Tomczak. Dzia\u0142ania te mia\u0142y na celu zmierzy\u0107 si\u0119 z wyzwaniami lokalnej spo\u0142eczno\u015bci: wykluczeniem komunikacyjnym, uci\u0105\u017cliwymi inwestycjami, ograniczonym dost\u0119pem do kultury oraz niskim poziomem aktywno\u015bci spo\u0142ecznej. W celu poszukiwania rozwi\u0105zania dla powy\u017cszych problem\u00f3w zorganizowali\u015bmy warsztaty oraz akcje spo\u0142eczne i proekologiczne anga\u017cuj\u0105ce lokaln\u0105 spo\u0142eczno\u015b\u0107, a tak\u017ce przygotowali\u015bmy poradnik, kt\u00f3ry chcemy by trafi\u0142 do ka\u017cdego z Was!<\/p>\n\n\n\n<p>Nast\u0119pnie Maciej S\u0142owi\u0144ski podzieli\u0142 si\u0119 do\u015bwiadczeniem Ko\u0142a Gospody\u0144 Wiejskich w Gulczewie, kt\u00f3re bra\u0142o udzia\u0142 przy realizacji naszego poprzedniego projektu pn. \u201eNarz\u0119dziownia Obywatelska \u2013 czyli jak rozkr\u0119ci\u0107 wrzesi\u0144sk\u0105 wie\u015b\u201d. Ostatnim punktem programu by\u0142a prezentacja poradnika. Nasz prelegent przekaza\u0142 kluczowe informacje, jak z niego korzysta\u0107.<\/p>\n\n\n\n<p>Dzi\u0119kujemy wszystkim za ciekawe spotkanie i do zobaczenia na kolejnym, kt\u00f3re odb\u0119dzie si\u0119 w Chociczy Wielkiej!<\/p>\n\n\n\n<figure class=\"wp-block-gallery has-nested-images columns-default is-cropped wp-block-gallery-1 is-layout-flex wp-block-gallery-is-layout-flex\">\n<figure class=\"wp-block-image size-large\"><img loading=\"lazy\" decoding=\"async\" width=\"1024\" height=\"768\" data-id=\"10103097\" src=\"https:\/\/www.projektwrzesnia.pl\/wordpress\/wp-content\/uploads\/2024\/05\/20240426_wrzesnia-2-1024x768.jpg\" alt=\"\" class=\"wp-image-10103097\" srcset=\"https:\/\/www.projektwrzesnia.pl\/wordpress\/wp-content\/uploads\/2024\/05\/20240426_wrzesnia-2-1024x768.jpg 1024w, https:\/\/www.projektwrzesnia.pl\/wordpress\/wp-content\/uploads\/2024\/05\/20240426_wrzesnia-2-300x225.jpg 300w, https:\/\/www.projektwrzesnia.pl\/wordpress\/wp-content\/uploads\/2024\/05\/20240426_wrzesnia-2-768x576.jpg 768w, https:\/\/www.projektwrzesnia.pl\/wordpress\/wp-content\/uploads\/2024\/05\/20240426_wrzesnia-2-1536x1152.jpg 1536w, https:\/\/www.projektwrzesnia.pl\/wordpress\/wp-content\/uploads\/2024\/05\/20240426_wrzesnia-2.jpg 1824w\" sizes=\"auto, (max-width: 1024px) 100vw, 1024px\" \/><\/figure>\n\n\n\n<figure class=\"wp-block-image size-large\"><img loading=\"lazy\" decoding=\"async\" width=\"1024\" height=\"768\" data-id=\"10103096\" src=\"https:\/\/www.projektwrzesnia.pl\/wordpress\/wp-content\/uploads\/2024\/05\/20240426_wrzesnia-1-1024x768.jpg\" alt=\"\" class=\"wp-image-10103096\" srcset=\"https:\/\/www.projektwrzesnia.pl\/wordpress\/wp-content\/uploads\/2024\/05\/20240426_wrzesnia-1-1024x768.jpg 1024w, https:\/\/www.projektwrzesnia.pl\/wordpress\/wp-content\/uploads\/2024\/05\/20240426_wrzesnia-1-300x225.jpg 300w, https:\/\/www.projektwrzesnia.pl\/wordpress\/wp-content\/uploads\/2024\/05\/20240426_wrzesnia-1-768x576.jpg 768w, https:\/\/www.projektwrzesnia.pl\/wordpress\/wp-content\/uploads\/2024\/05\/20240426_wrzesnia-1-1536x1152.jpg 1536w, https:\/\/www.projektwrzesnia.pl\/wordpress\/wp-content\/uploads\/2024\/05\/20240426_wrzesnia-1.jpg 1824w\" sizes=\"auto, (max-width: 1024px) 100vw, 1024px\" \/><\/figure>\n<\/figure>\n","protected":false},"excerpt":{"rendered":"<p>\u201eNarz\u0119dziownik obywatelski &#8211; gdy \u015bwiat wok\u00f3\u0142 wymaga naprawy!\u201d wraca do Wrze\u015bni! W Cafe Balu dyskutowali\u015bmy z mieszka\u0144cami o mo\u017cliwo\u015bciach aktywnego dzia\u0142ania na rzecz lokalnej spo\u0142eczno\u015bci. <\/p>\n","protected":false},"author":2,"featured_media":10103096,"comment_status":"open","ping_status":"open","sticky":false,"template":"","format":"standard","meta":{"_acf_changed":false,"footnotes":""},"categories":[47],"tags":[],"class_list":["post-10103098","post","type-post","status-publish","format-standard","has-post-thumbnail","hentry","category-narzedziownik-obywatelski"],"acf":[],"_links":{"self":[{"href":"https:\/\/www.projektwrzesnia.pl\/wordpress\/wp-json\/wp\/v2\/posts\/10103098","targetHints":{"allow":["GET"]}}],"collection":[{"href":"https:\/\/www.projektwrzesnia.pl\/wordpress\/wp-json\/wp\/v2\/posts"}],"about":[{"href":"https:\/\/www.projektwrzesnia.pl\/wordpress\/wp-json\/wp\/v2\/types\/post"}],"author":[{"embeddable":true,"href":"https:\/\/www.projektwrzesnia.pl\/wordpress\/wp-json\/wp\/v2\/users\/2"}],"replies":[{"embeddable":true,"href":"https:\/\/www.projektwrzesnia.pl\/wordpress\/wp-json\/wp\/v2\/comments?post=10103098"}],"version-history":[{"count":2,"href":"https:\/\/www.projektwrzesnia.pl\/wordpress\/wp-json\/wp\/v2\/posts\/10103098\/revisions"}],"predecessor-version":[{"id":10103112,"href":"https:\/\/www.projektwrzesnia.pl\/wordpress\/wp-json\/wp\/v2\/posts\/10103098\/revisions\/10103112"}],"wp:featuredmedia":[{"embeddable":true,"href":"https:\/\/www.projektwrzesnia.pl\/wordpress\/wp-json\/wp\/v2\/media\/10103096"}],"wp:attachment":[{"href":"https:\/\/www.projektwrzesnia.pl\/wordpress\/wp-json\/wp\/v2\/media?parent=10103098"}],"wp:term":[{"taxonomy":"category","embeddable":true,"href":"https:\/\/www.projektwrzesnia.pl\/wordpress\/wp-json\/wp\/v2\/categories?post=10103098"},{"taxonomy":"post_tag","embeddable":true,"href":"https:\/\/www.projektwrzesnia.pl\/wordpress\/wp-json\/wp\/v2\/tags?post=10103098"}],"curies":[{"name":"wp","href":"https:\/\/api.w.org\/{rel}","templated":true}]}}