{"id":10103101,"date":"2024-04-28T13:13:36","date_gmt":"2024-04-28T12:13:36","guid":{"rendered":"https:\/\/www.projektwrzesnia.pl\/wordpress\/?p=10103101"},"modified":"2024-05-26T13:15:00","modified_gmt":"2024-05-26T12:15:00","slug":"obywatelska-chocicza-wielka","status":"publish","type":"post","link":"https:\/\/www.projektwrzesnia.pl\/wordpress\/10103101\/","title":{"rendered":"Obywatelska Chocicza Wielka"},"content":{"rendered":"\n<p>\u00d3sme warsztaty w ramach naszego projektu \u2013 \u201eNarz\u0119dziownik obywatelski \u2013 gdy \u015bwiat wok\u00f3\u0142 wymaga naprawy!\u201d dotar\u0142y do Chociczy Wielkiej.<\/p>\n\n\n\n<p>W restauracji Ignasiak Sport, gdzie tym razem spotkali\u015bmy si\u0119 z mieszka\u0144cami dyskutowali\u015bmy o lokalnych wyzwaniach oraz wsp\u00f3lnie poszukiwali\u015bmy dla nich najlepszych rozwi\u0105za\u0144. Tak jak na&nbsp; naszych poprzednich spotkaniach ka\u017cdy uczestnik otrzyma\u0142 egzemplarz &#8222;Narz\u0119dziownika obywatelskiego&#8221; \u2013 opracowanego przez nas zbioru praktycznych wskaz\u00f3wek i inspiracji, kt\u00f3re mog\u0105 pom\u00f3c w podejmowaniu dzia\u0142a\u0144 na rzecz lokalnej spo\u0142eczno\u015bci.<\/p>\n\n\n\n<p>Spotkanie rozpocz\u0105\u0142 Damian Staniszewski, kt\u00f3ry opowiedzia\u0142 o naszym nowym projekcie. Jaki jest jego cel? W skr\u00f3cie, chcemy przyczyni\u0107 si\u0119 do budowy spo\u0142ecze\u0144stwa obywatelskiego, co wymaga skutecznych narz\u0119dzi. Dlatego stworzyli\u015bmy &#8222;Narz\u0119dziownik Obywatelski&#8221; \u2013 przyst\u0119pny poradnik pe\u0142en naszej wiedzy i do\u015bwiadcze\u0144, kt\u00f3ry pomo\u017ce zacz\u0105\u0107 dzia\u0142a\u0107, gdy nie wiadomo, od czego zacz\u0105\u0107.<\/p>\n\n\n\n<p>Projekt nawi\u0105zuje do naszych dotychczasowych dzia\u0142a\u0144, o kt\u00f3rych opowiedzia\u0142 Juliusz Kruszy\u0144ski. Skupili\u015bmy si\u0119 na wyzwaniach lokalnej spo\u0142eczno\u015bci, takich jak wykluczenie komunikacyjne, uci\u0105\u017cliwe inwestycje, ograniczony dost\u0119p do kultury oraz niski poziom aktywno\u015bci spo\u0142ecznej. W poszukiwaniu rozwi\u0105za\u0144 zorganizowali\u015bmy warsztaty oraz akcje spo\u0142eczne i proekologiczne, anga\u017cuj\u0105c mieszka\u0144c\u00f3w. Przygotowali\u015bmy r\u00f3wnie\u017c poradnik, kt\u00f3ry teraz chcemy upowszechni\u0107!<\/p>\n\n\n\n<p>Nast\u0119pnie Maciej S\u0142owi\u0144ski podzieli\u0142 si\u0119 do\u015bwiadczeniem Ko\u0142a Gospody\u0144 Wiejskich w Gulczewie, kt\u00f3re bra\u0142o udzia\u0142 przy realizacji naszego poprzedniego projektu pn. \u201eNarz\u0119dziownia Obywatelska \u2013 czyli jak rozkr\u0119ci\u0107 wrzesi\u0144sk\u0105 wie\u015b\u201d. Po interesuj\u0105cej prezentacji zaprezentowa\u0142 uczestnikom nasz poradnik &#8222;Narz\u0119dziownik obywatelski&#8221; i szczeg\u00f3\u0142owo wyja\u015bni\u0142, jak z niego korzysta\u0107. Po om\u00f3wieniu przyk\u0142adowych temat\u00f3w z poradnika przyst\u0105pili\u015bmy do rozm\u00f3w z mieszka\u0144cami, co pozwoli\u0142o zobaczy\u0107, jak poradnik sprawdza si\u0119 w praktyce.<\/p>\n\n\n\n<p>Dzi\u0119kujemy za Wasz udzia\u0142 i zapraszamy na kolejne spotkanie \u2013 tym razem w Gutowie Wielkim!<\/p>\n\n\n\n<figure class=\"wp-block-gallery has-nested-images columns-default is-cropped wp-block-gallery-1 is-layout-flex wp-block-gallery-is-layout-flex\">\n<figure class=\"wp-block-image size-large\"><img loading=\"lazy\" decoding=\"async\" width=\"1024\" height=\"768\" data-id=\"10103100\" src=\"https:\/\/www.projektwrzesnia.pl\/wordpress\/wp-content\/uploads\/2024\/05\/20240428_chocicza-1024x768.jpg\" alt=\"\" class=\"wp-image-10103100\" srcset=\"https:\/\/www.projektwrzesnia.pl\/wordpress\/wp-content\/uploads\/2024\/05\/20240428_chocicza-1024x768.jpg 1024w, https:\/\/www.projektwrzesnia.pl\/wordpress\/wp-content\/uploads\/2024\/05\/20240428_chocicza-300x225.jpg 300w, https:\/\/www.projektwrzesnia.pl\/wordpress\/wp-content\/uploads\/2024\/05\/20240428_chocicza-768x576.jpg 768w, https:\/\/www.projektwrzesnia.pl\/wordpress\/wp-content\/uploads\/2024\/05\/20240428_chocicza-1536x1152.jpg 1536w, https:\/\/www.projektwrzesnia.pl\/wordpress\/wp-content\/uploads\/2024\/05\/20240428_chocicza.jpg 2000w\" sizes=\"auto, (max-width: 1024px) 100vw, 1024px\" \/><\/figure>\n<\/figure>\n","protected":false},"excerpt":{"rendered":"<p>Kolejny dzie\u0144, kolejne warsztaty! Wczoraj w ramach projektu \u201eNarz\u0119dziownik obywatelski &#8211; gdy \u015bwiat wok\u00f3\u0142 wymaga naprawy!\u201d dotarli\u015bmy do Chociczy Wielkiej, gdzie zaprezentowali\u015bmy nasz poradnik. <\/p>\n","protected":false},"author":2,"featured_media":10103100,"comment_status":"open","ping_status":"open","sticky":false,"template":"","format":"standard","meta":{"_acf_changed":false,"footnotes":""},"categories":[47],"tags":[],"class_list":["post-10103101","post","type-post","status-publish","format-standard","has-post-thumbnail","hentry","category-narzedziownik-obywatelski"],"acf":[],"_links":{"self":[{"href":"https:\/\/www.projektwrzesnia.pl\/wordpress\/wp-json\/wp\/v2\/posts\/10103101","targetHints":{"allow":["GET"]}}],"collection":[{"href":"https:\/\/www.projektwrzesnia.pl\/wordpress\/wp-json\/wp\/v2\/posts"}],"about":[{"href":"https:\/\/www.projektwrzesnia.pl\/wordpress\/wp-json\/wp\/v2\/types\/post"}],"author":[{"embeddable":true,"href":"https:\/\/www.projektwrzesnia.pl\/wordpress\/wp-json\/wp\/v2\/users\/2"}],"replies":[{"embeddable":true,"href":"https:\/\/www.projektwrzesnia.pl\/wordpress\/wp-json\/wp\/v2\/comments?post=10103101"}],"version-history":[{"count":1,"href":"https:\/\/www.projektwrzesnia.pl\/wordpress\/wp-json\/wp\/v2\/posts\/10103101\/revisions"}],"predecessor-version":[{"id":10103102,"href":"https:\/\/www.projektwrzesnia.pl\/wordpress\/wp-json\/wp\/v2\/posts\/10103101\/revisions\/10103102"}],"wp:featuredmedia":[{"embeddable":true,"href":"https:\/\/www.projektwrzesnia.pl\/wordpress\/wp-json\/wp\/v2\/media\/10103100"}],"wp:attachment":[{"href":"https:\/\/www.projektwrzesnia.pl\/wordpress\/wp-json\/wp\/v2\/media?parent=10103101"}],"wp:term":[{"taxonomy":"category","embeddable":true,"href":"https:\/\/www.projektwrzesnia.pl\/wordpress\/wp-json\/wp\/v2\/categories?post=10103101"},{"taxonomy":"post_tag","embeddable":true,"href":"https:\/\/www.projektwrzesnia.pl\/wordpress\/wp-json\/wp\/v2\/tags?post=10103101"}],"curies":[{"name":"wp","href":"https:\/\/api.w.org\/{rel}","templated":true}]}}