{"id":10103123,"date":"2024-04-25T09:48:00","date_gmt":"2024-04-25T08:48:00","guid":{"rendered":"https:\/\/www.projektwrzesnia.pl\/wordpress\/?p=10103123"},"modified":"2024-06-14T09:49:38","modified_gmt":"2024-06-14T08:49:38","slug":"wszystko-co-dobre-kiedys-sie-konczy","status":"publish","type":"post","link":"https:\/\/www.projektwrzesnia.pl\/wordpress\/10103123\/","title":{"rendered":"Wszystko co dobre, kiedy\u015b si\u0119 ko\u0144czy"},"content":{"rendered":"\n<p>Ten poniedzia\u0142ek to ostatnia okazja, by pozna\u0107 nasz &#8222;Narz\u0119dziownik Obywatelski&#8221;. Gor\u0105co wszystkich zapraszamy na godzin\u0119 18:00 do Borzykowa. Czekamy na Was w Zaje\u017adzie Dakar!<\/p>\n\n\n\n<p>W trakcie spotkania cz\u0142onkowie naszego stowarzyszenia podziel\u0105 si\u0119 z Wami cennymi informacjami i narz\u0119dziami do aktywnego udzia\u0142u w \u017cyciu spo\u0142ecznym. W Wasze r\u0119ce trafi r\u00f3wnie\u017c nasz poradnik &#8222;Narz\u0119dziownik Obywatelski&#8221;!<\/p>\n\n\n\n<figure class=\"wp-block-image size-large\"><img loading=\"lazy\" decoding=\"async\" width=\"731\" height=\"1024\" src=\"https:\/\/www.projektwrzesnia.pl\/wordpress\/wp-content\/uploads\/2024\/06\/20240425_borzykowo-731x1024.png\" alt=\"\" class=\"wp-image-10103120\" srcset=\"https:\/\/www.projektwrzesnia.pl\/wordpress\/wp-content\/uploads\/2024\/06\/20240425_borzykowo-731x1024.png 731w, https:\/\/www.projektwrzesnia.pl\/wordpress\/wp-content\/uploads\/2024\/06\/20240425_borzykowo-214x300.png 214w, https:\/\/www.projektwrzesnia.pl\/wordpress\/wp-content\/uploads\/2024\/06\/20240425_borzykowo-768x1075.png 768w, https:\/\/www.projektwrzesnia.pl\/wordpress\/wp-content\/uploads\/2024\/06\/20240425_borzykowo-1097x1536.png 1097w, https:\/\/www.projektwrzesnia.pl\/wordpress\/wp-content\/uploads\/2024\/06\/20240425_borzykowo-1463x2048.png 1463w, https:\/\/www.projektwrzesnia.pl\/wordpress\/wp-content\/uploads\/2024\/06\/20240425_borzykowo.png 1920w\" sizes=\"auto, (max-width: 731px) 100vw, 731px\" \/><\/figure>\n","protected":false},"excerpt":{"rendered":"<p>Ten poniedzia\u0142ek to ostatnia okazja, by pozna\u0107 nasz &#8222;Narz\u0119dziownik Obywatelski&#8221;. Gor\u0105co wszystkich zapraszamy na godzin\u0119 18:00 do Borzykowa. Czekamy na Was w Zaje\u017adzie Dakar!<\/p>\n","protected":false},"author":2,"featured_media":10103120,"comment_status":"open","ping_status":"open","sticky":false,"template":"","format":"standard","meta":{"_acf_changed":false,"footnotes":""},"categories":[47],"tags":[],"class_list":["post-10103123","post","type-post","status-publish","format-standard","has-post-thumbnail","hentry","category-narzedziownik-obywatelski"],"acf":[],"_links":{"self":[{"href":"https:\/\/www.projektwrzesnia.pl\/wordpress\/wp-json\/wp\/v2\/posts\/10103123","targetHints":{"allow":["GET"]}}],"collection":[{"href":"https:\/\/www.projektwrzesnia.pl\/wordpress\/wp-json\/wp\/v2\/posts"}],"about":[{"href":"https:\/\/www.projektwrzesnia.pl\/wordpress\/wp-json\/wp\/v2\/types\/post"}],"author":[{"embeddable":true,"href":"https:\/\/www.projektwrzesnia.pl\/wordpress\/wp-json\/wp\/v2\/users\/2"}],"replies":[{"embeddable":true,"href":"https:\/\/www.projektwrzesnia.pl\/wordpress\/wp-json\/wp\/v2\/comments?post=10103123"}],"version-history":[{"count":1,"href":"https:\/\/www.projektwrzesnia.pl\/wordpress\/wp-json\/wp\/v2\/posts\/10103123\/revisions"}],"predecessor-version":[{"id":10103124,"href":"https:\/\/www.projektwrzesnia.pl\/wordpress\/wp-json\/wp\/v2\/posts\/10103123\/revisions\/10103124"}],"wp:featuredmedia":[{"embeddable":true,"href":"https:\/\/www.projektwrzesnia.pl\/wordpress\/wp-json\/wp\/v2\/media\/10103120"}],"wp:attachment":[{"href":"https:\/\/www.projektwrzesnia.pl\/wordpress\/wp-json\/wp\/v2\/media?parent=10103123"}],"wp:term":[{"taxonomy":"category","embeddable":true,"href":"https:\/\/www.projektwrzesnia.pl\/wordpress\/wp-json\/wp\/v2\/categories?post=10103123"},{"taxonomy":"post_tag","embeddable":true,"href":"https:\/\/www.projektwrzesnia.pl\/wordpress\/wp-json\/wp\/v2\/tags?post=10103123"}],"curies":[{"name":"wp","href":"https:\/\/api.w.org\/{rel}","templated":true}]}}