{"id":10103272,"date":"2024-11-04T21:36:27","date_gmt":"2024-11-04T20:36:27","guid":{"rendered":"https:\/\/www.projektwrzesnia.pl\/wordpress\/?p=10103272"},"modified":"2024-11-04T21:41:14","modified_gmt":"2024-11-04T20:41:14","slug":"zaproszenie-na-prezentacje-ksiazki-3","status":"publish","type":"post","link":"https:\/\/www.projektwrzesnia.pl\/wordpress\/10103272\/","title":{"rendered":"Zaproszenie na prezentacj\u0119 ksi\u0105\u017cki"},"content":{"rendered":"\n<p>Nasza okolica posiada ciekaw\u0105 histori\u0119, r\u00f3wnie\u017c t\u0119 pradziejow\u0105, skrywan\u0105 w ziemi. Kawa\u0142ek tej ekscytuj\u0105cej i tajemniczej historii chcemy przekaza\u0107 w Wasze r\u0119ce ju\u017c w najbli\u017csz\u0105 niedziel\u0119.<\/p>\n\n\n\n<p>Przy wsparciu Wielkopolskiego Wojew\u00f3dzkiego Konserwatora Zabytk\u00f3w wydali\u015bmy ksi\u0105\u017ck\u0119 pod tytu\u0142em \u201eHistoria dw\u00f3ch cmentarzysk w Chociczy Ma\u0142ej\u201d. Jej autork\u0105 jest dr Justyna \u017bychli\u0144ska, archeolo\u017cka z Uniwersytetu Kazimierza Wielkiego w Bydgoszczy.<\/p>\n\n\n\n<p>Dlatego zapraszamy na oficjaln\u0105 prezentacj\u0119 ksi\u0105\u017cki w najbli\u017csz\u0105 niedziel\u0119 (10 listopada) o godz. 14:00 w Ogrodzie Bractwa Kurkowego (LOK) we Wrze\u015bni przy ulicy S\u0142owackiego. Obiecujemy, \u017ce nikt nie wyjdzie bez ksi\u0105\u017cki. <\/p>\n\n\n\n<figure class=\"wp-block-image size-large is-resized\"><img loading=\"lazy\" decoding=\"async\" width=\"724\" height=\"1024\" src=\"https:\/\/www.projektwrzesnia.pl\/wordpress\/wp-content\/uploads\/2024\/11\/2024_11_04_plakat-1-724x1024.jpg\" alt=\"\" class=\"wp-image-10103266\" style=\"width:687px;height:auto\" srcset=\"https:\/\/www.projektwrzesnia.pl\/wordpress\/wp-content\/uploads\/2024\/11\/2024_11_04_plakat-1-724x1024.jpg 724w, https:\/\/www.projektwrzesnia.pl\/wordpress\/wp-content\/uploads\/2024\/11\/2024_11_04_plakat-1-212x300.jpg 212w, https:\/\/www.projektwrzesnia.pl\/wordpress\/wp-content\/uploads\/2024\/11\/2024_11_04_plakat-1-768x1086.jpg 768w, https:\/\/www.projektwrzesnia.pl\/wordpress\/wp-content\/uploads\/2024\/11\/2024_11_04_plakat-1-1086x1536.jpg 1086w, https:\/\/www.projektwrzesnia.pl\/wordpress\/wp-content\/uploads\/2024\/11\/2024_11_04_plakat-1-1448x2048.jpg 1448w, https:\/\/www.projektwrzesnia.pl\/wordpress\/wp-content\/uploads\/2024\/11\/2024_11_04_plakat-1-scaled.jpg 1810w\" sizes=\"auto, (max-width: 724px) 100vw, 724px\" \/><\/figure>\n","protected":false},"excerpt":{"rendered":"<p>Ju\u017c w najbli\u017csz\u0105 niedziel\u0119 zaprezentujemy nasz\u0105 najnowsz\u0105 ksi\u0105\u017ck\u0119 pod tytu\u0142em \u201eHistoria<br \/>\ndw\u00f3ch cmentarzysk w Chociczy Ma\u0142ej\u201d, kt\u00f3rej autorem jest dr Justyna \u017bychli\u0144ska.<\/p>\n","protected":false},"author":2,"featured_media":10103266,"comment_status":"open","ping_status":"open","sticky":false,"template":"","format":"standard","meta":{"_acf_changed":false,"footnotes":""},"categories":[43],"tags":[],"class_list":["post-10103272","post","type-post","status-publish","format-standard","has-post-thumbnail","hentry","category-aktualnosci"],"acf":[],"_links":{"self":[{"href":"https:\/\/www.projektwrzesnia.pl\/wordpress\/wp-json\/wp\/v2\/posts\/10103272","targetHints":{"allow":["GET"]}}],"collection":[{"href":"https:\/\/www.projektwrzesnia.pl\/wordpress\/wp-json\/wp\/v2\/posts"}],"about":[{"href":"https:\/\/www.projektwrzesnia.pl\/wordpress\/wp-json\/wp\/v2\/types\/post"}],"author":[{"embeddable":true,"href":"https:\/\/www.projektwrzesnia.pl\/wordpress\/wp-json\/wp\/v2\/users\/2"}],"replies":[{"embeddable":true,"href":"https:\/\/www.projektwrzesnia.pl\/wordpress\/wp-json\/wp\/v2\/comments?post=10103272"}],"version-history":[{"count":4,"href":"https:\/\/www.projektwrzesnia.pl\/wordpress\/wp-json\/wp\/v2\/posts\/10103272\/revisions"}],"predecessor-version":[{"id":10103276,"href":"https:\/\/www.projektwrzesnia.pl\/wordpress\/wp-json\/wp\/v2\/posts\/10103272\/revisions\/10103276"}],"wp:featuredmedia":[{"embeddable":true,"href":"https:\/\/www.projektwrzesnia.pl\/wordpress\/wp-json\/wp\/v2\/media\/10103266"}],"wp:attachment":[{"href":"https:\/\/www.projektwrzesnia.pl\/wordpress\/wp-json\/wp\/v2\/media?parent=10103272"}],"wp:term":[{"taxonomy":"category","embeddable":true,"href":"https:\/\/www.projektwrzesnia.pl\/wordpress\/wp-json\/wp\/v2\/categories?post=10103272"},{"taxonomy":"post_tag","embeddable":true,"href":"https:\/\/www.projektwrzesnia.pl\/wordpress\/wp-json\/wp\/v2\/tags?post=10103272"}],"curies":[{"name":"wp","href":"https:\/\/api.w.org\/{rel}","templated":true}]}}