{"id":10103299,"date":"2024-11-17T20:35:49","date_gmt":"2024-11-17T19:35:49","guid":{"rendered":"https:\/\/www.projektwrzesnia.pl\/wordpress\/?p=10103299"},"modified":"2024-11-17T20:35:50","modified_gmt":"2024-11-17T19:35:50","slug":"projekt-budzetu-powiatu-na-2025-rok","status":"publish","type":"post","link":"https:\/\/www.projektwrzesnia.pl\/wordpress\/10103299\/","title":{"rendered":"Projekt bud\u017cetu powiatu na 2025 rok"},"content":{"rendered":"\n<p>Do po\u0142owy listopada projekty bud\u017cet\u00f3w samorz\u0105dowych na przysz\u0142y rok musz\u0105 zosta\u0107 z\u0142o\u017cone do rad gmin, powiat\u00f3w i wojew\u00f3dztwa. W odniesieniu do powiatu wrzesi\u0144skiego bud\u017cet zosta\u0142 z\u0142o\u017cony 15 listopada i mo\u017cna go znale\u017a\u0107 <strong><a href=\"https:\/\/www.bip.wrzesnia.powiat.pl\/1514,uchwaly-zarzadu-2024-vii-kadencja?tresc=27008&amp;fbclid=IwY2xjawGnGrRleHRuA2FlbQIxMAABHf7mBbcixexxoTYPkz-zkvIGp7x3L03ce2BwHG4P9iKvw3zJ0xC92sicCQ_aem_7n6DUSI_XhcwQNM0EvuGWw\">tutaj<\/a><\/strong>.<\/p>\n\n\n\n<p>Na wydatki maj\u0105tkowe przewidziano 20.508.469,25 z\u0142. W\u015br\u00f3d nich znalaz\u0142y si\u0119 wa\u017cne zapisy dla dr\u00f3g na terenie gminy Wrze\u015bnia:<\/p>\n\n\n\n<p>&#8211; przebudowa drogi powiatowej nr 2926P Gozdowo &#8211; Nowa Wie\u015b Kr\u00f3lewska. Kwota: 500 000,00 z\u0142,<\/p>\n\n\n\n<p>&#8211; przebudowa odcinka drogi powiatowej nr 2947P w Marzeninie. Kwota: 915 000 z\u0142,&nbsp;<\/p>\n\n\n\n<p>&#8211; przebudowa drogi powiatowej nr 2159P Czerniejewo &#8211; Wrze\u015bnia w m. Nowy Folwark i Psary Polskie. Kwota: 1 010 000 z\u0142,<\/p>\n\n\n\n<p>&#8211; wykonanie dokumentacji projektowej dla budowy \u015bcie\u017cki pieszo-rowerowej na odcinku Bierzglinek &#8211; Gozdowo. Kwota: 200 000 z\u0142,<\/p>\n\n\n\n<p>&#8211; wykonanie dokumentacji projektowej drogi powiatowej 2925P Osowo &#8211; Nowa Wie\u015b Kr\u00f3lewska. Kwota: 150 000 z\u0142.<\/p>\n\n\n\n<p>W bud\u017cecie znalaz\u0142y si\u0119 r\u00f3wnie\u017c tematy drogowe dla pozosta\u0142ych gmin powiatu wrzesi\u0144skiego, kt\u00f3re popieramy. Jedn\u0105 z podstawowych spraw, jak\u0105 chcemy poprawi\u0107, jest infrastruktura drogowa. Teraz projektem bud\u017cetu b\u0119dzie zajmowa\u0107 si\u0119 Rada Powiatu Wrzesi\u0144skiego. Do ko\u0144ca roku poznamy ostateczny kszta\u0142t dokumentu.<\/p>\n","protected":false},"excerpt":{"rendered":"<p>Znamy projekt bud\u017cetu powiatu wrzesi\u0144skiego na 2025 rok. Znalaz\u0142o si\u0119 w nim kilka wa\u017cnych dla nas inwestycji. <\/p>\n","protected":false},"author":3,"featured_media":10103300,"comment_status":"open","ping_status":"open","sticky":false,"template":"","format":"standard","meta":{"_acf_changed":false,"footnotes":""},"categories":[43],"tags":[],"class_list":["post-10103299","post","type-post","status-publish","format-standard","has-post-thumbnail","hentry","category-aktualnosci"],"acf":[],"_links":{"self":[{"href":"https:\/\/www.projektwrzesnia.pl\/wordpress\/wp-json\/wp\/v2\/posts\/10103299","targetHints":{"allow":["GET"]}}],"collection":[{"href":"https:\/\/www.projektwrzesnia.pl\/wordpress\/wp-json\/wp\/v2\/posts"}],"about":[{"href":"https:\/\/www.projektwrzesnia.pl\/wordpress\/wp-json\/wp\/v2\/types\/post"}],"author":[{"embeddable":true,"href":"https:\/\/www.projektwrzesnia.pl\/wordpress\/wp-json\/wp\/v2\/users\/3"}],"replies":[{"embeddable":true,"href":"https:\/\/www.projektwrzesnia.pl\/wordpress\/wp-json\/wp\/v2\/comments?post=10103299"}],"version-history":[{"count":1,"href":"https:\/\/www.projektwrzesnia.pl\/wordpress\/wp-json\/wp\/v2\/posts\/10103299\/revisions"}],"predecessor-version":[{"id":10103301,"href":"https:\/\/www.projektwrzesnia.pl\/wordpress\/wp-json\/wp\/v2\/posts\/10103299\/revisions\/10103301"}],"wp:featuredmedia":[{"embeddable":true,"href":"https:\/\/www.projektwrzesnia.pl\/wordpress\/wp-json\/wp\/v2\/media\/10103300"}],"wp:attachment":[{"href":"https:\/\/www.projektwrzesnia.pl\/wordpress\/wp-json\/wp\/v2\/media?parent=10103299"}],"wp:term":[{"taxonomy":"category","embeddable":true,"href":"https:\/\/www.projektwrzesnia.pl\/wordpress\/wp-json\/wp\/v2\/categories?post=10103299"},{"taxonomy":"post_tag","embeddable":true,"href":"https:\/\/www.projektwrzesnia.pl\/wordpress\/wp-json\/wp\/v2\/tags?post=10103299"}],"curies":[{"name":"wp","href":"https:\/\/api.w.org\/{rel}","templated":true}]}}