{"id":10103302,"date":"2024-11-18T20:15:56","date_gmt":"2024-11-18T19:15:56","guid":{"rendered":"https:\/\/www.projektwrzesnia.pl\/wordpress\/?p=10103302"},"modified":"2024-11-18T20:15:57","modified_gmt":"2024-11-18T19:15:57","slug":"wizualizacje-i-projekty","status":"publish","type":"post","link":"https:\/\/www.projektwrzesnia.pl\/wordpress\/10103302\/","title":{"rendered":"Wizualizacje i projekty"},"content":{"rendered":"\n<p>W lutym 2018 r. ratusz zawar\u0142 umow\u0119 z Politechnik\u0105 Pozna\u0144sk\u0105 dotycz\u0105c\u0105 przeprowadzenia konkursu urbanistycznego pod tytu\u0142em \u201eZagospodarowanie teren\u00f3w poprzemys\u0142owych w rejonie ulic Kolejowej i Wroc\u0142awskiej we Wrze\u015bni\u201d. Zgodnie z umow\u0105 Gmina zap\u0142aci\u0142a za to 39.360,00 z\u0142 brutto. Z kolei w pa\u017adzierniku 2022 r. ratusz zawar\u0142 umow\u0119 z Uniwersytetem Artystycznym w Poznaniu dotycz\u0105c\u0105 wykonania przez student\u00f3w projekt\u00f3w wizualizacji architektonicznych we Wrze\u015bni. Gmina sfinansowa\u0142a zakwaterowanie dla student\u00f3w i opiekun\u00f3w oraz sfinansowa\u0142a wystaw\u0119 i publikacj\u0119 projekt\u00f3w.<\/p>\n\n\n\n<p>Chcieli\u015bmy zapozna\u0107 si\u0119 z wizualizacjami i projektami, ale ratusz nam odm\u00f3wi\u0142. Ponowili\u015bmy zatem wniosek, poniewa\u017c chcemy, \u017ceby wizualizacje i projekty by\u0142y dost\u0119pne dla wszystkich mieszka\u0144c\u00f3w, kt\u00f3rzy chc\u0105 zobaczy\u0107 efekty prac specjalist\u00f3w.<\/p>\n","protected":false},"excerpt":{"rendered":"<p>Na zlecenie ratusza powsta\u0142y w ostatnich latach wizualizacje i projekty dotycz\u0105ce przestrzeni miejskiej. Chcieli\u015bmy si\u0119 z nimi zapozna\u0107, ale\u2026 nie pozwolono nam. <\/p>\n","protected":false},"author":3,"featured_media":10103303,"comment_status":"open","ping_status":"open","sticky":false,"template":"","format":"standard","meta":{"_acf_changed":false,"footnotes":""},"categories":[43],"tags":[],"class_list":["post-10103302","post","type-post","status-publish","format-standard","has-post-thumbnail","hentry","category-aktualnosci"],"acf":[],"_links":{"self":[{"href":"https:\/\/www.projektwrzesnia.pl\/wordpress\/wp-json\/wp\/v2\/posts\/10103302","targetHints":{"allow":["GET"]}}],"collection":[{"href":"https:\/\/www.projektwrzesnia.pl\/wordpress\/wp-json\/wp\/v2\/posts"}],"about":[{"href":"https:\/\/www.projektwrzesnia.pl\/wordpress\/wp-json\/wp\/v2\/types\/post"}],"author":[{"embeddable":true,"href":"https:\/\/www.projektwrzesnia.pl\/wordpress\/wp-json\/wp\/v2\/users\/3"}],"replies":[{"embeddable":true,"href":"https:\/\/www.projektwrzesnia.pl\/wordpress\/wp-json\/wp\/v2\/comments?post=10103302"}],"version-history":[{"count":1,"href":"https:\/\/www.projektwrzesnia.pl\/wordpress\/wp-json\/wp\/v2\/posts\/10103302\/revisions"}],"predecessor-version":[{"id":10103304,"href":"https:\/\/www.projektwrzesnia.pl\/wordpress\/wp-json\/wp\/v2\/posts\/10103302\/revisions\/10103304"}],"wp:featuredmedia":[{"embeddable":true,"href":"https:\/\/www.projektwrzesnia.pl\/wordpress\/wp-json\/wp\/v2\/media\/10103303"}],"wp:attachment":[{"href":"https:\/\/www.projektwrzesnia.pl\/wordpress\/wp-json\/wp\/v2\/media?parent=10103302"}],"wp:term":[{"taxonomy":"category","embeddable":true,"href":"https:\/\/www.projektwrzesnia.pl\/wordpress\/wp-json\/wp\/v2\/categories?post=10103302"},{"taxonomy":"post_tag","embeddable":true,"href":"https:\/\/www.projektwrzesnia.pl\/wordpress\/wp-json\/wp\/v2\/tags?post=10103302"}],"curies":[{"name":"wp","href":"https:\/\/api.w.org\/{rel}","templated":true}]}}