{"id":10103308,"date":"2024-11-21T20:07:39","date_gmt":"2024-11-21T19:07:39","guid":{"rendered":"https:\/\/www.projektwrzesnia.pl\/wordpress\/?p=10103308"},"modified":"2024-11-22T20:11:04","modified_gmt":"2024-11-22T19:11:04","slug":"podwojna-wygrana-z-burmistrzem","status":"publish","type":"post","link":"https:\/\/www.projektwrzesnia.pl\/wordpress\/10103308\/","title":{"rendered":"Podw\u00f3jna wygrana z burmistrzem"},"content":{"rendered":"\n<p>Dzisiaj w Naczelnym S\u0105dzie Administracyjnym zako\u0144czy\u0142y si\u0119 dwie sprawy, w kt\u00f3rych zawieszony burmistrz Tomasz Ka\u0142u\u017cny odmawia\u0142 nam udost\u0119pnienia informacji publicznej.<\/p>\n\n\n\n<p>Pierwsza sprawa dotyczy\u0142a naszego wniosku o udostepnienie dokumentacji przebiegu i\u00a0efekt\u00f3w kontroli oraz wyst\u0105pienia, stanowiska, wnioski i\u00a0opinie podmiot\u00f3w j\u0105 przeprowadzaj\u0105cych w\u00a02021 i\u00a02022 roku. Burmistrz nie zechcia\u0142 udzieli\u0107 nam w\u0142a\u015bciwej odpowiedzi, st\u0105d skierowali\u015bmy spraw\u0119 do s\u0105du. W lutym 2023 roku Wojew\u00f3dzki S\u0105d Administracyjny w Poznaniu przyzna\u0142 nam racj\u0119. Pisali\u015bmy o tym <a href=\"https:\/\/www.projektwrzesnia.pl\/wordpress\/993\/\">tutaj<\/a>. Z tym rozstrzygni\u0119ciem nie zgodzi\u0142 si\u0119 burmistrz i skierowa\u0142 skarg\u0119 kasacyjn\u0105 do Naczelnego S\u0105du Administracyjnego. Dzisiaj S\u0105d ten wyda\u0142 wyrok korzystny dla nas, zatem ratusz b\u0119dzie musia\u0142 udost\u0119pni\u0107 dokumenty pokontrolne.<\/p>\n\n\n\n<p>Druga sprawa dotyczy\u0142a informacji dla jakich dr\u00f3g i ulic gmina posiada dokumentacj\u0119 techniczn\u0105. Burmistrz uwa\u017ca\u0142, \u017ce nie musi nam udziela\u0107 dok\u0142adnej odpowiedzi. W zwi\u0105zku z tym skierowali\u015bmy spraw\u0119 do s\u0105du. W lipcu 2023 roku Wojew\u00f3dzki S\u0105d Administracyjny w Poznaniu wyda\u0142 wyrok, w kt\u00f3rym zobowi\u0105za\u0142 burmistrza Tomasza Ka\u0142u\u017cnego do za\u0142atwienia naszej sprawy, a za zachowanie burmistrza wymierzy\u0142 mu grzywn\u0119 w wysoko\u015bci 500 z\u0142. Pisali\u015bmy o tym <a href=\"https:\/\/www.projektwrzesnia.pl\/wordpress\/10101244\/\">tutaj<\/a>. Dzisiaj Naczelny S\u0105d Administracyjny oddali\u0142 skarg\u0119 kasacyjn\u0105 burmistrza. Tym samym burmistrz b\u0119dzie musia\u0142 udzieli\u0107 nam informacji oraz dodatkowo zap\u0142aci grzywn\u0119.<\/p>\n\n\n\n<p>Oczywi\u015bcie podw\u00f3jna wygrana nas cieszy. Szkoda tylko, \u017ce burmistrz kolejny ju\u017c raz nie udost\u0119pnia informacji publicznej i nara\u017ca gmin\u0119 na koszty post\u0119powa\u0144 s\u0105dowych.<\/p>\n","protected":false},"excerpt":{"rendered":"<p>Dzisiaj w Naczelnym S\u0105dzie Administracyjnym zako\u0144czy\u0142y si\u0119 dwie sprawy, w kt\u00f3rych zawieszony burmistrz odmawia\u0142 nam udost\u0119pnienia informacji publicznej.<\/p>\n","protected":false},"author":3,"featured_media":10103309,"comment_status":"open","ping_status":"open","sticky":false,"template":"","format":"standard","meta":{"_acf_changed":false,"footnotes":""},"categories":[43],"tags":[],"class_list":["post-10103308","post","type-post","status-publish","format-standard","has-post-thumbnail","hentry","category-aktualnosci"],"acf":[],"_links":{"self":[{"href":"https:\/\/www.projektwrzesnia.pl\/wordpress\/wp-json\/wp\/v2\/posts\/10103308","targetHints":{"allow":["GET"]}}],"collection":[{"href":"https:\/\/www.projektwrzesnia.pl\/wordpress\/wp-json\/wp\/v2\/posts"}],"about":[{"href":"https:\/\/www.projektwrzesnia.pl\/wordpress\/wp-json\/wp\/v2\/types\/post"}],"author":[{"embeddable":true,"href":"https:\/\/www.projektwrzesnia.pl\/wordpress\/wp-json\/wp\/v2\/users\/3"}],"replies":[{"embeddable":true,"href":"https:\/\/www.projektwrzesnia.pl\/wordpress\/wp-json\/wp\/v2\/comments?post=10103308"}],"version-history":[{"count":1,"href":"https:\/\/www.projektwrzesnia.pl\/wordpress\/wp-json\/wp\/v2\/posts\/10103308\/revisions"}],"predecessor-version":[{"id":10103310,"href":"https:\/\/www.projektwrzesnia.pl\/wordpress\/wp-json\/wp\/v2\/posts\/10103308\/revisions\/10103310"}],"wp:featuredmedia":[{"embeddable":true,"href":"https:\/\/www.projektwrzesnia.pl\/wordpress\/wp-json\/wp\/v2\/media\/10103309"}],"wp:attachment":[{"href":"https:\/\/www.projektwrzesnia.pl\/wordpress\/wp-json\/wp\/v2\/media?parent=10103308"}],"wp:term":[{"taxonomy":"category","embeddable":true,"href":"https:\/\/www.projektwrzesnia.pl\/wordpress\/wp-json\/wp\/v2\/categories?post=10103308"},{"taxonomy":"post_tag","embeddable":true,"href":"https:\/\/www.projektwrzesnia.pl\/wordpress\/wp-json\/wp\/v2\/tags?post=10103308"}],"curies":[{"name":"wp","href":"https:\/\/api.w.org\/{rel}","templated":true}]}}