{"id":10103312,"date":"2024-11-24T22:38:13","date_gmt":"2024-11-24T21:38:13","guid":{"rendered":"https:\/\/www.projektwrzesnia.pl\/wordpress\/?p=10103312"},"modified":"2024-11-25T22:40:49","modified_gmt":"2024-11-25T21:40:49","slug":"asfalt-na-owocowej-i-kujawy","status":"publish","type":"post","link":"https:\/\/www.projektwrzesnia.pl\/wordpress\/10103312\/","title":{"rendered":"Asfalt na Owocowej i Kujawy"},"content":{"rendered":"\n<p>Od 2018 roku jako Projekt Wrze\u015bnia konsekwentnie apelowali\u015bmy o budow\u0119 asfaltowych nawierzchni na drogach tzw. osiedla ulicy Owocowej. Rokrocznie sk\u0142adali\u015bmy odpowiednie propozycje do bud\u017cetu Miasta i Gminy Wrze\u015bnia, wskazuj\u0105c r\u00f3wnie\u017c konkretne \u017ar\u00f3d\u0142a finansowania tej potrzebnej inwestycji. Szczeg\u00f3lnie wa\u017cnym momentem w tej walce o popraw\u0119 warunk\u00f3w \u017cycia na naszym osiedlu by\u0142o zorganizowanie w styczniu 2019 roku zbi\u00f3rki podpis\u00f3w pod petycj\u0105 w sprawie jak najszybszej budowy ulic. Petycj\u0119 ponowi\u0142a w 2023 roku Magdalena Antosik, kt\u00f3ra nie pozwala\u0142a o sprawie ulicy Owocowej nikomu zapomnie\u0107.\u00a0 Pa\u0144stwa liczny udzia\u0142 w tych przedsi\u0119wzi\u0119ciach oraz wsparcie i zach\u0119ta do dalszego dzia\u0142ania utwierdzi\u0142y nas w przekonaniu, \u017ce nasze starania s\u0105 s\u0142uszne i potrzebne. Te dzia\u0142ania opisali\u015bmy mi\u0119dzy innymi <strong><a href=\"https:\/\/www.projektwrzesnia.pl\/wordpress\/10100673\/\">tutaj<\/a><\/strong>.<\/p>\n\n\n\n<p>Dzi\u0119ki wsp\u00f3lnej determinacji, po wielu latach oczekiwa\u0144 doczekali\u015bmy si\u0119 realizacji inwestycji \u2013 asfaltowe nawierzchnie ulic Owocowej i Kujawy sta\u0142y si\u0119 faktem. Jest to bez w\u0105tpienia wsp\u00f3lny sukces. Dzi\u0119kujemy Pa\u0144stwu za wytrwa\u0142o\u015b\u0107 i zaanga\u017cowanie, kt\u00f3re przyczyni\u0142y si\u0119 do osi\u0105gni\u0119cia tego upragnionego celu.<\/p>\n\n\n\n<p>Jednak nasza praca na tym si\u0119 nie ko\u0144czy. Nadal b\u0119dziemy podejmowa\u0107 dzia\u0142ania, aby pozosta\u0142e ulice osiedla r\u00f3wnie\u017c zyska\u0142y asfaltowe nawierzchnie. Wierzymy, \u017ce konsekwencja i wsp\u00f3lne dzia\u0142ania w ko\u0144cu pozwol\u0105 osi\u0105gn\u0105\u0107 ten cel. <\/p>\n\n\n\n<p>Zapraszamy wszystkich mieszka\u0144c\u00f3w do wsp\u00f3\u0142pracy i wsp\u00f3lnego dzia\u0142ania na rzecz dalszego rozwoju naszej spo\u0142eczno\u015bci.<\/p>\n","protected":false},"excerpt":{"rendered":"<p>Od 2018 roku jako Projekt Wrze\u015bnia konsekwentnie apelowali\u015bmy o budow\u0119 asfaltowych nawierzchni na drogach tzw. osiedla ulicy Owocowej. W\u0142a\u015bnie zrealizowano asfaltowe nawierzchnie na ulicy Owocowej i Kujawy. <\/p>\n","protected":false},"author":3,"featured_media":10103313,"comment_status":"open","ping_status":"open","sticky":false,"template":"","format":"standard","meta":{"_acf_changed":false,"footnotes":""},"categories":[43],"tags":[],"class_list":["post-10103312","post","type-post","status-publish","format-standard","has-post-thumbnail","hentry","category-aktualnosci"],"acf":[],"_links":{"self":[{"href":"https:\/\/www.projektwrzesnia.pl\/wordpress\/wp-json\/wp\/v2\/posts\/10103312","targetHints":{"allow":["GET"]}}],"collection":[{"href":"https:\/\/www.projektwrzesnia.pl\/wordpress\/wp-json\/wp\/v2\/posts"}],"about":[{"href":"https:\/\/www.projektwrzesnia.pl\/wordpress\/wp-json\/wp\/v2\/types\/post"}],"author":[{"embeddable":true,"href":"https:\/\/www.projektwrzesnia.pl\/wordpress\/wp-json\/wp\/v2\/users\/3"}],"replies":[{"embeddable":true,"href":"https:\/\/www.projektwrzesnia.pl\/wordpress\/wp-json\/wp\/v2\/comments?post=10103312"}],"version-history":[{"count":1,"href":"https:\/\/www.projektwrzesnia.pl\/wordpress\/wp-json\/wp\/v2\/posts\/10103312\/revisions"}],"predecessor-version":[{"id":10103314,"href":"https:\/\/www.projektwrzesnia.pl\/wordpress\/wp-json\/wp\/v2\/posts\/10103312\/revisions\/10103314"}],"wp:featuredmedia":[{"embeddable":true,"href":"https:\/\/www.projektwrzesnia.pl\/wordpress\/wp-json\/wp\/v2\/media\/10103313"}],"wp:attachment":[{"href":"https:\/\/www.projektwrzesnia.pl\/wordpress\/wp-json\/wp\/v2\/media?parent=10103312"}],"wp:term":[{"taxonomy":"category","embeddable":true,"href":"https:\/\/www.projektwrzesnia.pl\/wordpress\/wp-json\/wp\/v2\/categories?post=10103312"},{"taxonomy":"post_tag","embeddable":true,"href":"https:\/\/www.projektwrzesnia.pl\/wordpress\/wp-json\/wp\/v2\/tags?post=10103312"}],"curies":[{"name":"wp","href":"https:\/\/api.w.org\/{rel}","templated":true}]}}