{"id":10103366,"date":"2024-03-10T18:22:00","date_gmt":"2024-03-10T17:22:00","guid":{"rendered":"https:\/\/www.projektwrzesnia.pl\/wordpress\/?p=10103366"},"modified":"2025-01-08T18:27:06","modified_gmt":"2025-01-08T17:27:06","slug":"audyt-podatkow-od-zabytkowych-nieruchomosci-za-2023-rok","status":"publish","type":"post","link":"https:\/\/www.projektwrzesnia.pl\/wordpress\/10103366\/","title":{"rendered":"Audyt podatk\u00f3w od zabytkowych nieruchomo\u015bci (za 2023 rok)"},"content":{"rendered":"\n<p>Strze\u017cenie dziedzictwa narodowego swoje uzasadnienie znajduje w tym, \u017ce jest ono \u017ar\u00f3d\u0142em to\u017csamo\u015bci narodu polskiego, jego trwania i rozwoju. Tym dziedzictwem s\u0105 tak\u017ce zabytki. Jednym z element\u00f3w systemu ochrony i opieki nad zabytkami jest mo\u017cliwo\u015b\u0107 zwolnienia z p\u0142acenia podatku od zabytkowych nieruchomo\u015bci, ale podkre\u015blmy \u2013 tylko w stosunku do obiekt\u00f3w utrzymanych w dobrym stanie.<\/p>\n\n\n\n<p>Co roku sprawdzamy, jak wszystkie gminy powiatu wrzesi\u0144skiego oraz dla por\u00f3wnania gmina Strza\u0142kowo z powiatu s\u0142upeckiego, realizuj\u0105 mo\u017cliwo\u015b\u0107 zwolnie\u0144 podatkowych dla w\u0142a\u015bcicieli zabytkowych nieruchomo\u015bci. Tym razem to ju\u017c \u00f3smy z rz\u0119du audyt w tym temacie. Zesz\u0142oroczny mo\u017cna znale\u017a\u0107 poni\u017cej.<\/p>\n\n\n\n<figure class=\"wp-block-embed is-type-wp-embed is-provider-projekt-wrze-nia wp-block-embed-projekt-wrze-nia\"><div class=\"wp-block-embed__wrapper\">\n<blockquote class=\"wp-embedded-content\" data-secret=\"Wjz3BQdOcN\"><a href=\"https:\/\/www.projektwrzesnia.pl\/wordpress\/10101106\/\">Audyt podatk\u00f3w od zabytkowych nieruchomo\u015bci (za 2022 rok)<\/a><\/blockquote><iframe loading=\"lazy\" class=\"wp-embedded-content\" sandbox=\"allow-scripts\" security=\"restricted\" style=\"position: absolute; visibility: hidden;\" title=\"&#8222;Audyt podatk\u00f3w od zabytkowych nieruchomo\u015bci (za 2022 rok)&#8221; &#8212; Projekt Wrze\u015bnia\" src=\"https:\/\/www.projektwrzesnia.pl\/wordpress\/10101106\/embed\/#?secret=WGKruutU8A#?secret=Wjz3BQdOcN\" data-secret=\"Wjz3BQdOcN\" width=\"500\" height=\"282\" frameborder=\"0\" marginwidth=\"0\" marginheight=\"0\" scrolling=\"no\"><\/iframe>\n<\/div><\/figure>\n\n\n\n<p>Warto zaznaczy\u0107, \u017ce prowadzone audyty na przestrzeni lat doprowadzi\u0142y do polepszenia sytuacji zwi\u0105zanej ze \u015bci\u0105galno\u015bci\u0105 podatk\u00f3w, z kt\u00f3rych finansowane s\u0105 przecie\u017c inwestycje dla mieszka\u0144c\u00f3w. W zesz\u0142ym roku wzorcowo wypad\u0142a gmina Mi\u0142os\u0142aw i Nekla. A jak wygl\u0105da to obecnie? Poni\u017cej przedstawiamy kr\u00f3tki opis dla ka\u017cdej z gmin.<\/p>\n\n\n\n<p><strong>Gmina Ko\u0142aczkowo<\/strong> zwalnia z podatku od nieruchomo\u015bci kilkana\u015bcie zabytk\u00f3w. Gmina pozostaje w kontakcie z konserwatorem zabytk\u00f3w. Wielkopolski Wojew\u00f3dzki Konserwator Zabytk\u00f3w wskaza\u0142, \u017ce zesp\u00f3\u0142 dworski w Grabowie Kr\u00f3lewskim oraz dw\u00f3r w Borkowie nie s\u0105 utrzymywane zgodnie z przepisami ustawy o ochronie zabytk\u00f3w. Obiekty te nie s\u0105 zatem zwalniane z p\u0142acenia podatku.<\/p>\n\n\n\n<p>W<strong> gminie Mi\u0142os\u0142aw<\/strong> zwolnieniom podatkowym podlegaj\u0105 dwie zabytkowe nieruchomo\u015bci. Gmina dok\u0142ada stara\u0144 w celu ustalenia stanu poszczeg\u00f3lnych zabytk\u00f3w i pozostaje w kontakcie z konserwatorem zabytk\u00f3w.<\/p>\n\n\n\n<p><strong>Gmina Nekla<\/strong> zwalnia z podatku kilka zabytk\u00f3w. W zesz\u0142ym roku rozpocz\u0119to procedur\u0119 wyja\u015bniania ich stanu. Wielkopolski Wojew\u00f3dzki Konserwator Zabytk\u00f3w wskaza\u0142, \u017ce zesp\u00f3\u0142 dworski w Mystkach, park dworski w Targowej G\u00f3rce oraz dom w Targowej G\u00f3rce (ul. Kosi\u0144skiego 8) nie s\u0105 utrzymywane zgodnie z przepisami ustawy o ochronie zabytk\u00f3w. Dwa ostatnie obiekty te nie s\u0105 zatem zwalniane z p\u0142acenia podatku. Zwolniony z p\u0142acenia podatku zosta\u0142 dw\u00f3r w Mystkach, co powinno w przysz\u0142o\u015bci zosta\u0107 wyja\u015bnione.<\/p>\n\n\n\n<p>W <strong>gminie Pyzdry<\/strong> zwolnionych z podatku zosta\u0142o kilkana\u015bcie zabytk\u00f3w. Burmistrz Pyzdr nie dysponuje dokumentami od konserwatora zabytk\u00f3w na temat stanu poszczeg\u00f3lnych nieruchomo\u015bci i faktu ich utrzymania zgodnie z przepisami o ochronie i opiece nad zabytkami.<\/p>\n\n\n\n<p>W <strong>gminie Strza\u0142kowo<\/strong> z podatku zwalnia si\u0119 kilkana\u015bcie zabytk\u00f3w. Wszystkie otrzyma\u0142y za\u015bwiadczenie od konserwatora zabytk\u00f3w o utrzymaniu w dobrym stanie, wi\u0119c zwolniono je poprawnie.<\/p>\n\n\n\n<p><strong>Gmina Wrze\u015bnia<\/strong> zwalnia z podatku od nieruchomo\u015bci najwi\u0119cej zabytkowych nieruchomo\u015bci. Oczywi\u015bcie wynika to z tego, \u017ce we Wrze\u015bni jest znaczna ich liczba. Gmina pozostaje w sta\u0142ym kontakcie z konserwatorem zabytk\u00f3w. W pi\u015bmie z 2023 r. Wielkopolski Wojew\u00f3dzki Konserwator Zabytk\u00f3w wskaza\u0142, \u017ce park dworski w Kaw\u0119czynie i Chwalibogowie oraz zesp\u00f3\u0142 dworski w Gulczewie nie by\u0142y utrzymywane zgodnie z przepisami o ochronie i opiece nad zabytkami. Obiekty te nie s\u0105 zatem zwalniane z p\u0142acenia podatku.<\/p>\n\n\n\n<p>Reasumuj\u0105c mo\u017cna wskaza\u0107, \u017ce prawie wszystkie gminy pozostaj\u0105 w kontakcie w konserwatorem zabytk\u00f3w i otrzymuj\u0105 od niego dane dotycz\u0105ce utrzymania zabytk\u00f3w. Wyj\u0105tkiem jest gmina Pyzdry. Na pochwa\u0142\u0119 zas\u0142uguj\u0105 dzia\u0142ania gminy Nekla, kt\u00f3ra ju\u017c drugi rok z rz\u0119du wyja\u015bniania stan poszczeg\u00f3lnych zabytk\u00f3w.<\/p>\n\n\n\n<p>Ponownie warto podkre\u015bli\u0107, \u017ce \u015bcis\u0142a wsp\u00f3\u0142praca z Wielkopolskim Wojew\u00f3dzkim Konserwatorem Zabytk\u00f3w mo\u017ce w przysz\u0142o\u015bci doprowadzi\u0107 do polepszenia sytuacji zabytk\u00f3w.<\/p>\n\n\n\n<p>Zestawienie wszystkich nieruchomo\u015bci zwolnionych od podatk\u00f3w mo\u017cna znale\u017a\u0107 klikaj\u0105c poni\u017cej:<\/p>\n\n\n\n<ul class=\"wp-block-list\">\n<li><a href=\"https:\/\/www.projektwrzesnia.pl\/wordpress\/wp-content\/uploads\/2025\/01\/20240310_Kolaczkowo.pdf\">Ko\u0142aczkowo<\/a><\/li>\n\n\n\n<li><a href=\"https:\/\/www.projektwrzesnia.pl\/wordpress\/wp-content\/uploads\/2025\/01\/20240310_Miloslaw.pdf\">Mi\u0142os\u0142aw<\/a><\/li>\n\n\n\n<li><a href=\"https:\/\/www.projektwrzesnia.pl\/wordpress\/wp-content\/uploads\/2025\/01\/20240310_Nekla.pdf\">Nekla<\/a><\/li>\n\n\n\n<li><a href=\"https:\/\/www.projektwrzesnia.pl\/wordpress\/wp-content\/uploads\/2025\/01\/20240310_Pyzdry.pdf\">Pyzdry<\/a><\/li>\n\n\n\n<li><a href=\"https:\/\/www.projektwrzesnia.pl\/wordpress\/wp-content\/uploads\/2025\/01\/20240310_Strzalkowo.pdf\">Strza\u0142kowo<\/a><\/li>\n\n\n\n<li><a href=\"https:\/\/www.projektwrzesnia.pl\/wordpress\/wp-content\/uploads\/2025\/01\/20240310_Wrzesnia.pdf\">Wrze\u015bnia<\/a><\/li>\n<\/ul>\n","protected":false},"excerpt":{"rendered":"<p>Dziedzictwo narodowe jest \u017ar\u00f3d\u0142em to\u017csamo\u015bci narodu polskiego, jego trwania i rozwoju. Tym dziedzictwem s\u0105 tak\u017ce zabytki. Jednym z element\u00f3w systemu ochrony i opieki nad zabytkami jest mo\u017cliwo\u015b\u0107 zwolnienia z p\u0142acenia podatku od zabytkowych nieruchomo\u015bci. Przyjrzeli\u015bmy si\u0119, jak to wygl\u0105da w naszych gminach.<\/p>\n","protected":false},"author":2,"featured_media":10103359,"comment_status":"open","ping_status":"open","sticky":false,"template":"","format":"standard","meta":{"_acf_changed":false,"footnotes":""},"categories":[27],"tags":[],"class_list":["post-10103366","post","type-post","status-publish","format-standard","has-post-thumbnail","hentry","category-27"],"acf":[],"_links":{"self":[{"href":"https:\/\/www.projektwrzesnia.pl\/wordpress\/wp-json\/wp\/v2\/posts\/10103366","targetHints":{"allow":["GET"]}}],"collection":[{"href":"https:\/\/www.projektwrzesnia.pl\/wordpress\/wp-json\/wp\/v2\/posts"}],"about":[{"href":"https:\/\/www.projektwrzesnia.pl\/wordpress\/wp-json\/wp\/v2\/types\/post"}],"author":[{"embeddable":true,"href":"https:\/\/www.projektwrzesnia.pl\/wordpress\/wp-json\/wp\/v2\/users\/2"}],"replies":[{"embeddable":true,"href":"https:\/\/www.projektwrzesnia.pl\/wordpress\/wp-json\/wp\/v2\/comments?post=10103366"}],"version-history":[{"count":1,"href":"https:\/\/www.projektwrzesnia.pl\/wordpress\/wp-json\/wp\/v2\/posts\/10103366\/revisions"}],"predecessor-version":[{"id":10103367,"href":"https:\/\/www.projektwrzesnia.pl\/wordpress\/wp-json\/wp\/v2\/posts\/10103366\/revisions\/10103367"}],"wp:featuredmedia":[{"embeddable":true,"href":"https:\/\/www.projektwrzesnia.pl\/wordpress\/wp-json\/wp\/v2\/media\/10103359"}],"wp:attachment":[{"href":"https:\/\/www.projektwrzesnia.pl\/wordpress\/wp-json\/wp\/v2\/media?parent=10103366"}],"wp:term":[{"taxonomy":"category","embeddable":true,"href":"https:\/\/www.projektwrzesnia.pl\/wordpress\/wp-json\/wp\/v2\/categories?post=10103366"},{"taxonomy":"post_tag","embeddable":true,"href":"https:\/\/www.projektwrzesnia.pl\/wordpress\/wp-json\/wp\/v2\/tags?post=10103366"}],"curies":[{"name":"wp","href":"https:\/\/api.w.org\/{rel}","templated":true}]}}