{"id":10103378,"date":"2025-02-20T10:09:23","date_gmt":"2025-02-20T09:09:23","guid":{"rendered":"https:\/\/www.projektwrzesnia.pl\/wordpress\/?p=10103378"},"modified":"2025-02-20T10:09:24","modified_gmt":"2025-02-20T09:09:24","slug":"materialy-z-kontroli-w-ratuszu","status":"publish","type":"post","link":"https:\/\/www.projektwrzesnia.pl\/wordpress\/10103378\/","title":{"rendered":"Materia\u0142y z kontroli w ratuszu"},"content":{"rendered":"\n<p>W zesz\u0142ym roku (21 listopada 2024 roku) wygrali\u015bmy przed Naczelnym S\u0105dem Administracyjnym z burmistrzem Wrze\u015bni w sprawie udostepnienie materia\u0142\u00f3w z kontroli w ratuszu.<\/p>\n\n\n\n<p>Sprawa dotyczy\u0142a naszego wniosku o udostepnienie dokumentacji przebiegu i efekt\u00f3w kontroli oraz wyst\u0105pienia, stanowiska, wnioski i opinie podmiot\u00f3w j\u0105 przeprowadzaj\u0105cych w 2021 i 2022 roku. Burmistrz nie zechcia\u0142 udzieli\u0107 nam w\u0142a\u015bciwej odpowiedzi, st\u0105d skierowali\u015bmy spraw\u0119 do s\u0105du. W lutym 2023 roku Wojew\u00f3dzki S\u0105d Administracyjny w Poznaniu przyzna\u0142 nam racj\u0119. Z tym rozstrzygni\u0119ciem nie zgodzi\u0142 si\u0119 burmistrz i skierowa\u0142 skarg\u0119 kasacyjn\u0105 do Naczelnego S\u0105du Administracyjnego. 21 listopada 2024 roku S\u0105d ten wyda\u0142 wyrok korzystny dla nas.<\/p>\n\n\n\n<p>W efekcie ratusz musia\u0142 udost\u0119pni\u0107 dokumenty pokontrolne, na kt\u00f3re sk\u0142adaj\u0105 si\u0119 protoko\u0142y z kontroli nast\u0119puj\u0105cych instytucji:<\/p>\n\n\n\n<p>&#8211; protok\u00f3\u0142 z kontroli Najwy\u017cszej Izby Kontroli (dot. dost\u0119pu dla os\u00f3b z niepe\u0142nosprawno\u015bciami),<\/p>\n\n\n\n<p>&#8211; protok\u00f3\u0142 z kontroli Wojewody Wielkopolskiego (dot. zada\u0144 obronnych),<\/p>\n\n\n\n<p>&#8211; protok\u00f3\u0142 z kontroli Urz\u0119du Marsza\u0142kowskiego (dot. b\u0142\u0119kitno-zielonych inicjatyw),<\/p>\n\n\n\n<p>&#8211; protok\u00f3\u0142 z kontroli Zak\u0142adu Ubezpiecze\u0144 Spo\u0142ecznych (dot. sk\u0142adek i \u015bwiadcze\u0144),<\/p>\n\n\n\n<p>&#8211; protok\u00f3\u0142 z kontroli Urz\u0119du Marsza\u0142kowskiego (dot. rozw\u00f3j obszar\u00f3w wiejskich \u2013 sala w Psarach Ma\u0142ych),<\/p>\n\n\n\n<p>&#8211; protok\u00f3\u0142 z kontroli Krajowego Biura Wyborczego (dot. rejestru wyborc\u00f3w),<\/p>\n\n\n\n<p>&#8211; protok\u00f3\u0142 z kontroli Wielkopolskiego Wojew\u00f3dzkiego Inspektora Transportu Drogowego (dot. licencji),<\/p>\n\n\n\n<p>&#8211; protok\u00f3\u0142 z kontroli Archiwum Pa\u0144stwowego w Poznaniu (dot. materia\u0142\u00f3w archiwalnych),<\/p>\n\n\n\n<p>&#8211; protok\u00f3\u0142 z kontroli Wielkopolskiego Wojew\u00f3dzkiego Inspektora Ochrony \u015arodowiska (dot. szko\u0142y w Kaczanowie),<\/p>\n\n\n\n<p>&#8211; protok\u00f3\u0142 z kontroli Wielkopolskiego Wojew\u00f3dzkiego Inspektora Ochrony \u015arodowiska (dot. gospodarki odpadami).<\/p>\n\n\n\n<p>Z protoko\u0142ami mo\u017cecie zapozna\u0107 si\u0119 <strong><a href=\"https:\/\/www.projektwrzesnia.pl\/wordpress\/wp-content\/uploads\/2025\/02\/20250220_dokumenty-pokontrolne-Gminy-Wrzesnia.pdf\">tutaj<\/a><\/strong>.<\/p>\n","protected":false},"excerpt":{"rendered":"<p>W zesz\u0142ym roku wygrali\u015bmy przed Naczelnym S\u0105dem Administracyjnym z burmistrzem Wrze\u015bni w sprawie udostepnienie materia\u0142\u00f3w z kontroli w ratuszu. Teraz mo\u017cecie si\u0119 z nimi pozna\u0107. <\/p>\n","protected":false},"author":2,"featured_media":10103375,"comment_status":"open","ping_status":"open","sticky":false,"template":"","format":"standard","meta":{"_acf_changed":false,"footnotes":""},"categories":[43],"tags":[],"class_list":["post-10103378","post","type-post","status-publish","format-standard","has-post-thumbnail","hentry","category-aktualnosci"],"acf":[],"_links":{"self":[{"href":"https:\/\/www.projektwrzesnia.pl\/wordpress\/wp-json\/wp\/v2\/posts\/10103378","targetHints":{"allow":["GET"]}}],"collection":[{"href":"https:\/\/www.projektwrzesnia.pl\/wordpress\/wp-json\/wp\/v2\/posts"}],"about":[{"href":"https:\/\/www.projektwrzesnia.pl\/wordpress\/wp-json\/wp\/v2\/types\/post"}],"author":[{"embeddable":true,"href":"https:\/\/www.projektwrzesnia.pl\/wordpress\/wp-json\/wp\/v2\/users\/2"}],"replies":[{"embeddable":true,"href":"https:\/\/www.projektwrzesnia.pl\/wordpress\/wp-json\/wp\/v2\/comments?post=10103378"}],"version-history":[{"count":1,"href":"https:\/\/www.projektwrzesnia.pl\/wordpress\/wp-json\/wp\/v2\/posts\/10103378\/revisions"}],"predecessor-version":[{"id":10103379,"href":"https:\/\/www.projektwrzesnia.pl\/wordpress\/wp-json\/wp\/v2\/posts\/10103378\/revisions\/10103379"}],"wp:featuredmedia":[{"embeddable":true,"href":"https:\/\/www.projektwrzesnia.pl\/wordpress\/wp-json\/wp\/v2\/media\/10103375"}],"wp:attachment":[{"href":"https:\/\/www.projektwrzesnia.pl\/wordpress\/wp-json\/wp\/v2\/media?parent=10103378"}],"wp:term":[{"taxonomy":"category","embeddable":true,"href":"https:\/\/www.projektwrzesnia.pl\/wordpress\/wp-json\/wp\/v2\/categories?post=10103378"},{"taxonomy":"post_tag","embeddable":true,"href":"https:\/\/www.projektwrzesnia.pl\/wordpress\/wp-json\/wp\/v2\/tags?post=10103378"}],"curies":[{"name":"wp","href":"https:\/\/api.w.org\/{rel}","templated":true}]}}