{"id":10103382,"date":"2025-02-26T20:07:33","date_gmt":"2025-02-26T19:07:33","guid":{"rendered":"https:\/\/www.projektwrzesnia.pl\/wordpress\/?p=10103382"},"modified":"2025-02-26T20:07:34","modified_gmt":"2025-02-26T19:07:34","slug":"audyt-wycinek-drzew-za-2024-rok","status":"publish","type":"post","link":"https:\/\/www.projektwrzesnia.pl\/wordpress\/10103382\/","title":{"rendered":"Audyt wycinek drzew za 2024 rok"},"content":{"rendered":"\n<p>Drzewa nie tylko ubogacaj\u0105 nasz krajobraz, ale pe\u0142ni\u0105 przede wszystkim funkcje wa\u017cne dla ca\u0142ego ekosystemu. Z tego powodu musimy dba\u0107 o ten zas\u00f3b przyrody, dlatego sprawdzili\u015bmy jak wygl\u0105da\u0142a kwestia nasadze\u0144 i wycinek na terenie gminy Wrze\u015bnia.<\/p>\n\n\n\n<p><strong>Jak by\u0142o w 2024 roku?<\/strong><\/p>\n\n\n\n<p>W 2024 roku gmina Wrze\u015bnia wyda\u0142a zgod\u0119 na wycink\u0119 268 drzew, a z kolei starostwo powiatowe wyda\u0142o zgod\u0119 na wycink\u0119 235 drzew na terenie gminy Wrze\u015bnia. \u0141\u0105cznie daje to liczb\u0119 503 drzew.<\/p>\n\n\n\n<p>Je\u015bli chodzi o nasadzenia to w 2024 roku gmina Wrze\u015bnia posadzi\u0142a 1637 drzew, a starostwo powiatowe 80 drzew. \u0141\u0105cznie daje to liczb\u0119 1717 nowych drzew na terenie gminy Wrze\u015bnia.<\/p>\n\n\n\n<p>W por\u00f3wnaniu z poprzednim rokiem wzros\u0142a zatem og\u00f3lna liczba wydawanych zg\u00f3d na wycink\u0119, a wzros\u0142a liczba nasadze\u0144 nowych drzew, g\u0142\u00f3wnie dzi\u0119ki gminie Wrze\u015bnia.<\/p>\n\n\n\n<p><strong>A jak by\u0142o w latach poprzednich?<\/strong><\/p>\n\n\n\n<p>W 2020 roku gmina Wrze\u015bnia wyda\u0142a zgod\u0119 na wycink\u0119 237 drzew, a z kolei starostwo powiatowe wyda\u0142o zgod\u0119 na wycink\u0119 180 drzew na terenie gminy Wrze\u015bnia. \u0141\u0105cznie daje to liczb\u0119 417 drzew.<\/p>\n\n\n\n<p>W 2021 Gmina Wrze\u015bnia wyda\u0142a zgod\u0119 na wycink\u0119 a\u017c 347 drzew, do czego nale\u017cy doda\u0107 253 drzew z terenu naszej gminy, na kt\u00f3rych wycink\u0119 zgodzi\u0142o si\u0119 starostwo powiatowe. \u0141\u0105cznie daje to nam 600 drzew.<\/p>\n\n\n\n<p>W 2022 roku gmina Wrze\u015bnia wyda\u0142 ju\u017c zgod\u0119 na wycink\u0119 116 drzew. Z kolei starostwo powiatowe zgodzi\u0142o si\u0119 na wycink\u0119 97 drzew na terenie gminy Wrze\u015bnia. W 2022 roku wydano wi\u0119c zgod\u0119 na wyci\u0119cie 213 drzew.<\/p>\n\n\n\n<p>W 2023 roku gmina Wrze\u015bnia wyda\u0142a zgod\u0119 na wycink\u0119 171 drzew, a z kolei starostwo powiatowe wyda\u0142o zgod\u0119 na wycink\u0119 235 drzew na terenie gminy Wrze\u015bnia. \u0141\u0105cznie daje to liczb\u0119 369 drzew.<\/p>\n\n\n\n<p><strong>Co z nasadzeniami?<\/strong><\/p>\n\n\n\n<p>Je\u015bli chodzi o nasadzenia to w 2020 roku gmina Wrze\u015bnia posadzi\u0142a 573 drzew, a starostwo powiatowe 219 drzew. \u0141\u0105cznie daje to liczb\u0119 792 nowych drzew na terenie gminy Wrze\u015bnia.<\/p>\n\n\n\n<p>W 2021 roku gmina Wrze\u015bnia posadzi\u0142a 789 drzew, a starostwo powiatowe 255 drzew. \u0141\u0105cznie daje to liczb\u0119 1044 nowych drzew na terenie gminy Wrze\u015bnia.<\/p>\n\n\n\n<p>W 2022 roku gmina Wrze\u015bnia posadzi\u0142a 669 drzew, a starostwo powiatowe 74 drzew. \u0141\u0105cznie daje to liczb\u0119 743 nowych drzew na terenie gminy Wrze\u015bnia.<\/p>\n\n\n\n<p>W 2023 roku gmina Wrze\u015bnia posadzi\u0142a 570 drzew, a starostwo powiatowe 47 drzew. \u0141\u0105cznie daje to liczb\u0119 617 nowych drzew na terenie gminy Wrze\u015bnia.<\/p>\n\n\n\n<p><strong>Co jeszcze warto wiedzie\u0107?<\/strong><\/p>\n\n\n\n<p>Trzeba r\u00f3wnie\u017c wiedzie\u0107, \u017ce zgody na wycink\u0119 wydaj\u0105 jeszcze inne organy (na przyk\u0142ad Wielkopolski Wojew\u00f3dzki Konserwator Zabytk\u00f3w), a poza tym cz\u0119\u015b\u0107 drzew jest wycinana bez zgody lub zwyczajnie przegrywaj\u0105 z \u017cywio\u0142em (burze, susze). W konsekwencji ca\u0142o\u015bciowy obraz mo\u017ce nie napawa\u0107 optymizmem. Bez zwi\u0119kszenia nasadze\u0144 drzew i ograniczenia wycinki du\u017cych, wieloletnich drzew nie b\u0119dziemy w stanie skutecznie ochroni\u0107 naszego \u015brodowiska i systematycznie odnawia\u0107 zasob\u00f3w naturalnych. Nie warto czeka\u0107, trzeba sadzi\u0107 drzewa!<\/p>\n\n\n\n<p>Wcze\u015bniej pisali\u015bmy na ten temat <a href=\"https:\/\/www.projektwrzesnia.pl\/wordpress\/10103355\/\">tutaj<\/a>.<\/p>\n\n\n\n<figure class=\"wp-block-image size-full\"><img loading=\"lazy\" decoding=\"async\" width=\"786\" height=\"191\" src=\"https:\/\/www.projektwrzesnia.pl\/wordpress\/wp-content\/uploads\/2025\/02\/2025_02_26_tabela.jpg\" alt=\"\" class=\"wp-image-10103384\" srcset=\"https:\/\/www.projektwrzesnia.pl\/wordpress\/wp-content\/uploads\/2025\/02\/2025_02_26_tabela.jpg 786w, https:\/\/www.projektwrzesnia.pl\/wordpress\/wp-content\/uploads\/2025\/02\/2025_02_26_tabela-300x73.jpg 300w, https:\/\/www.projektwrzesnia.pl\/wordpress\/wp-content\/uploads\/2025\/02\/2025_02_26_tabela-768x187.jpg 768w\" sizes=\"auto, (max-width: 786px) 100vw, 786px\" \/><\/figure>\n","protected":false},"excerpt":{"rendered":"<p>Sprawdzili\u015bmy jak wygl\u0105da\u0142a kwestia wycinek i nasadze\u0144 drzew w 2024 roku na terenie gminy Wrze\u015bnia. <\/p>\n","protected":false},"author":3,"featured_media":10103383,"comment_status":"open","ping_status":"open","sticky":false,"template":"","format":"standard","meta":{"_acf_changed":false,"footnotes":""},"categories":[43],"tags":[],"class_list":["post-10103382","post","type-post","status-publish","format-standard","has-post-thumbnail","hentry","category-aktualnosci"],"acf":[],"_links":{"self":[{"href":"https:\/\/www.projektwrzesnia.pl\/wordpress\/wp-json\/wp\/v2\/posts\/10103382","targetHints":{"allow":["GET"]}}],"collection":[{"href":"https:\/\/www.projektwrzesnia.pl\/wordpress\/wp-json\/wp\/v2\/posts"}],"about":[{"href":"https:\/\/www.projektwrzesnia.pl\/wordpress\/wp-json\/wp\/v2\/types\/post"}],"author":[{"embeddable":true,"href":"https:\/\/www.projektwrzesnia.pl\/wordpress\/wp-json\/wp\/v2\/users\/3"}],"replies":[{"embeddable":true,"href":"https:\/\/www.projektwrzesnia.pl\/wordpress\/wp-json\/wp\/v2\/comments?post=10103382"}],"version-history":[{"count":1,"href":"https:\/\/www.projektwrzesnia.pl\/wordpress\/wp-json\/wp\/v2\/posts\/10103382\/revisions"}],"predecessor-version":[{"id":10103385,"href":"https:\/\/www.projektwrzesnia.pl\/wordpress\/wp-json\/wp\/v2\/posts\/10103382\/revisions\/10103385"}],"wp:featuredmedia":[{"embeddable":true,"href":"https:\/\/www.projektwrzesnia.pl\/wordpress\/wp-json\/wp\/v2\/media\/10103383"}],"wp:attachment":[{"href":"https:\/\/www.projektwrzesnia.pl\/wordpress\/wp-json\/wp\/v2\/media?parent=10103382"}],"wp:term":[{"taxonomy":"category","embeddable":true,"href":"https:\/\/www.projektwrzesnia.pl\/wordpress\/wp-json\/wp\/v2\/categories?post=10103382"},{"taxonomy":"post_tag","embeddable":true,"href":"https:\/\/www.projektwrzesnia.pl\/wordpress\/wp-json\/wp\/v2\/tags?post=10103382"}],"curies":[{"name":"wp","href":"https:\/\/api.w.org\/{rel}","templated":true}]}}