{"id":10103388,"date":"2025-03-06T19:14:05","date_gmt":"2025-03-06T18:14:05","guid":{"rendered":"https:\/\/www.projektwrzesnia.pl\/wordpress\/?p=10103388"},"modified":"2025-03-06T19:15:48","modified_gmt":"2025-03-06T18:15:48","slug":"ix-sesja-rady-miejskiej-we-wrzesni-2","status":"publish","type":"post","link":"https:\/\/www.projektwrzesnia.pl\/wordpress\/10103388\/","title":{"rendered":"IX Sesja Rady Miejskiej we Wrze\u015bni"},"content":{"rendered":"\n<div class=\"wp-block-media-text is-stacked-on-mobile\"><figure class=\"wp-block-media-text__media\"><img loading=\"lazy\" decoding=\"async\" width=\"720\" height=\"540\" src=\"https:\/\/www.projektwrzesnia.pl\/wordpress\/wp-content\/uploads\/2025\/03\/202503006_sesja.jpg\" alt=\"\" class=\"wp-image-10103387 size-full\" srcset=\"https:\/\/www.projektwrzesnia.pl\/wordpress\/wp-content\/uploads\/2025\/03\/202503006_sesja.jpg 720w, https:\/\/www.projektwrzesnia.pl\/wordpress\/wp-content\/uploads\/2025\/03\/202503006_sesja-300x225.jpg 300w\" sizes=\"auto, (max-width: 720px) 100vw, 720px\" \/><\/figure><div class=\"wp-block-media-text__content\">\n<p>W\u0142a\u015bnie zako\u0144czy\u0142a si\u0119 IX Sesja Rady Miejskiej we Wrze\u015bni, podczas kt\u00f3rej omawiano kluczowe kwestie dotycz\u0105ce naszego miasta. W obradach poruszono zar\u00f3wno sprawy budz\u0105ce kontrowersje, jak i te, kt\u00f3re spotka\u0142y si\u0119 z szerokim poparciem radnych.<\/p>\n\n\n\n<p>Jednym z wa\u017cnych punkt\u00f3w obrad by\u0142a z\u0142o\u017cona przez nas uchwa\u0142a w sprawie uchylenia zgody na sprzeda\u017c skweru u zbiegu ulic Zamys\u0142owskiego i Konopnickiej. <\/p>\n<\/div><\/div>\n\n\n\n<p>Gmina twierdzi, \u017ce nie ma zamiaru sprzedawa\u0107 tej nieruchomo\u015bci, ale r\u00f3wnocze\u015bnie nie chce te\u017c usun\u0105\u0107 z porz\u0105dku prawnego tej uchwa\u0142y. W wyniku g\u0142osowania uchwa\u0142a nie uzyska\u0142a wymaganej wi\u0119kszo\u015bci g\u0142os\u00f3w i nie zosta\u0142a przyj\u0119ta. Przeciwko uchwale g\u0142osowali g\u0142\u00f3wnie radni zawieszonego burmistrza Tomasza Ka\u0142u\u017cnego.<\/p>\n\n\n\n<p>Podobny los spotka\u0142 r\u00f3wnie\u017c uchwa\u0142\u0119 dotycz\u0105c\u0105 obni\u017cenia op\u0142at za gospodarowanie odpadami komunalnymi. Proponowali\u015bmy obni\u017cenie op\u0142aty z 32 z\u0142 do 30 z\u0142, szczeg\u00f3lnie w kontek\u015bcie nadwy\u017cki \u015brodk\u00f3w w gminnym systemie gospodarowania odpadami, wynosz\u0105cej ponad 5 milion\u00f3w z\u0142otych. Co warte odnotowania: uda\u0142o si\u0119 przekona\u0107 cz\u0119\u015b\u0107 radnych \u2013 ostatecznie 8 os\u00f3b zag\u0142osowa\u0142o \u201eza\u201d, a 10 \u201eprzeciw\u201d.<\/p>\n\n\n\n<p>G\u0142osami rz\u0105dz\u0105cej wi\u0119kszo\u015bci przepad\u0142a r\u00f3wnie\u017c nasza propozycja zapobiegania bezdomno\u015bci zwierz\u0105t poprzez wprowadzenie sterylizacji i kastracji ps\u00f3w i kot\u00f3w w\u0142a\u015bcicielskich. Chcieli\u015bmy, by wzorem innych samorz\u0105d\u00f3w, przeznaczy\u0107 na ten cel 20 000 z\u0142.<\/p>\n\n\n\n<p>Nie zabrak\u0142o jednak r\u00f3wnie\u017c pozytywnych rozstrzygni\u0119\u0107. Poprali\u015bmy uchwa\u0142\u0119 dotycz\u0105c\u0105 dotacji dla sp\u00f3\u0142ek wodnych, co przyczyni si\u0119 do poprawy infrastruktury wodnej w gminie. Kolejn\u0105 dobr\u0105 wiadomo\u015bci\u0105 jest przyst\u0105pienie do opracowywania kilkunastu nowych plan\u00f3w zagospodarowania przestrzennego. Dzi\u0119ki temu mo\u017cliwe b\u0119dzie lepsze planowanie przestrzenne i rozw\u00f3j miasta w spos\u00f3b zr\u00f3wnowa\u017cony.<\/p>\n\n\n\n<p>Jak co sesj\u0119 pojawi\u0142y si\u0119 r\u00f3wnie\u017c zmiany bud\u017cetowe, w tym mi\u0119dzy innymi te wynikaj\u0105ce z inwestycji w wiadukt na Paderewskiego, rewitalizacj\u0119 ulicy Harcerskiej, czy \u015brodki na program \u201eCiep\u0142e mieszkanie\u201d. Poza tym zmiany bud\u017cetu dotyczy\u0142y przesuni\u0119\u0107 pomi\u0119dzy paragrafami i kilku innych wydatk\u00f3w na r\u00f3\u017cnorakie przedsi\u0119wzi\u0119cia.<\/p>\n\n\n\n<p>Z uchwa\u0142ami mo\u017cna zapozna\u0107 si\u0119 <a href=\"https:\/\/wrzesnia.esesja.pl\/posiedzenie\/9c3ed2a3-7d94-4\">tutaj<\/a>.<\/p>\n\n\n\n<p>Nagranie obrad mo\u017cna zobaczy\u0107 <a href=\"https:\/\/wrzesnia.esesja.pl\/transmisja\/65470\/ixasesjaaradyamiejskiejaweawrze%C5%9Bni.htm\">tutaj<\/a>.<\/p>\n","protected":false},"excerpt":{"rendered":"<p>W\u0142a\u015bnie zako\u0144czy\u0142a si\u0119 IX Sesja Rady Miejskiej we Wrze\u015bni, podczas kt\u00f3rej omawiano kluczowe kwestie dotycz\u0105ce naszego miasta. W obradach poruszono zar\u00f3wno sprawy budz\u0105ce kontrowersje, jak i te, kt\u00f3re spotka\u0142y si\u0119 z szerokim poparciem radnych.<\/p>\n","protected":false},"author":2,"featured_media":10103387,"comment_status":"open","ping_status":"open","sticky":false,"template":"","format":"standard","meta":{"_acf_changed":false,"footnotes":""},"categories":[15],"tags":[],"class_list":["post-10103388","post","type-post","status-publish","format-standard","has-post-thumbnail","hentry","category-15"],"acf":[],"_links":{"self":[{"href":"https:\/\/www.projektwrzesnia.pl\/wordpress\/wp-json\/wp\/v2\/posts\/10103388","targetHints":{"allow":["GET"]}}],"collection":[{"href":"https:\/\/www.projektwrzesnia.pl\/wordpress\/wp-json\/wp\/v2\/posts"}],"about":[{"href":"https:\/\/www.projektwrzesnia.pl\/wordpress\/wp-json\/wp\/v2\/types\/post"}],"author":[{"embeddable":true,"href":"https:\/\/www.projektwrzesnia.pl\/wordpress\/wp-json\/wp\/v2\/users\/2"}],"replies":[{"embeddable":true,"href":"https:\/\/www.projektwrzesnia.pl\/wordpress\/wp-json\/wp\/v2\/comments?post=10103388"}],"version-history":[{"count":3,"href":"https:\/\/www.projektwrzesnia.pl\/wordpress\/wp-json\/wp\/v2\/posts\/10103388\/revisions"}],"predecessor-version":[{"id":10103392,"href":"https:\/\/www.projektwrzesnia.pl\/wordpress\/wp-json\/wp\/v2\/posts\/10103388\/revisions\/10103392"}],"wp:featuredmedia":[{"embeddable":true,"href":"https:\/\/www.projektwrzesnia.pl\/wordpress\/wp-json\/wp\/v2\/media\/10103387"}],"wp:attachment":[{"href":"https:\/\/www.projektwrzesnia.pl\/wordpress\/wp-json\/wp\/v2\/media?parent=10103388"}],"wp:term":[{"taxonomy":"category","embeddable":true,"href":"https:\/\/www.projektwrzesnia.pl\/wordpress\/wp-json\/wp\/v2\/categories?post=10103388"},{"taxonomy":"post_tag","embeddable":true,"href":"https:\/\/www.projektwrzesnia.pl\/wordpress\/wp-json\/wp\/v2\/tags?post=10103388"}],"curies":[{"name":"wp","href":"https:\/\/api.w.org\/{rel}","templated":true}]}}