{"id":10103394,"date":"2025-03-12T20:17:10","date_gmt":"2025-03-12T19:17:10","guid":{"rendered":"https:\/\/www.projektwrzesnia.pl\/wordpress\/?p=10103394"},"modified":"2025-03-12T20:17:11","modified_gmt":"2025-03-12T19:17:11","slug":"dokumentacja-dla-ul-kilinskiego","status":"publish","type":"post","link":"https:\/\/www.projektwrzesnia.pl\/wordpress\/10103394\/","title":{"rendered":"Dokumentacja dla ul. Kili\u0144skiego"},"content":{"rendered":"\n<p>Od d\u0142ugiego czasu m\u00f3wimy o potrzebie remontu ulicy Kili\u0144skiego we Wrze\u015bni. Niedawno zapytali\u015bmy, czy ratusz posiada dokumentacj\u0119 techniczn\u0105 potrzebn\u0105 do przeprowadzenia prac. <\/p>\n\n\n\n<p>Warto by\u0142o podejmowa\u0107 temat, bo wreszcie zacz\u0119\u0142o si\u0119 co\u015b dzia\u0107 w temacie. Trwaj\u0105 prace nad dokumentacj\u0105 techniczn\u0105. W ramach inwestycji przewiduje si\u0119: <\/p>\n\n\n\n<p>&#8211; ujednolicenie szeroko\u015bci jezdni do 5,9 m, <\/p>\n\n\n\n<p>&#8211; drog\u0119 dla pieszych po lewej stronie (p\u00f3\u0142nocnej) szeroko\u015bci brutto 3,3 m (netto2,8 m), <\/p>\n\n\n\n<p>&#8211; drog\u0119 dla pieszych i rower\u00f3w po prawej stronie (po\u0142udniowej) szeroko\u015bci brutto 3,3 m (netto 2,8 m). <\/p>\n\n\n\n<p>Z\u0142o\u017cyli\u015bmy wniosek o wykonanie r\u00f3wnie\u017c odcinka przy posesjach Kili\u0144skiego 11b oraz Wiewi\u00f3rkowskiego 16 a\/b, a tak\u017ce zadbanie o ziele\u0144 (nasadzenia) i istniej\u0105ce drzewa.<\/p>\n","protected":false},"excerpt":{"rendered":"<p>Trwaj\u0105 prace nad dokumentacj\u0105 techniczn\u0105 dla ul. Kili\u0144skiego we Wrze\u015bni. <\/p>\n","protected":false},"author":3,"featured_media":10103395,"comment_status":"open","ping_status":"open","sticky":false,"template":"","format":"standard","meta":{"_acf_changed":false,"footnotes":""},"categories":[43],"tags":[],"class_list":["post-10103394","post","type-post","status-publish","format-standard","has-post-thumbnail","hentry","category-aktualnosci"],"acf":[],"_links":{"self":[{"href":"https:\/\/www.projektwrzesnia.pl\/wordpress\/wp-json\/wp\/v2\/posts\/10103394","targetHints":{"allow":["GET"]}}],"collection":[{"href":"https:\/\/www.projektwrzesnia.pl\/wordpress\/wp-json\/wp\/v2\/posts"}],"about":[{"href":"https:\/\/www.projektwrzesnia.pl\/wordpress\/wp-json\/wp\/v2\/types\/post"}],"author":[{"embeddable":true,"href":"https:\/\/www.projektwrzesnia.pl\/wordpress\/wp-json\/wp\/v2\/users\/3"}],"replies":[{"embeddable":true,"href":"https:\/\/www.projektwrzesnia.pl\/wordpress\/wp-json\/wp\/v2\/comments?post=10103394"}],"version-history":[{"count":1,"href":"https:\/\/www.projektwrzesnia.pl\/wordpress\/wp-json\/wp\/v2\/posts\/10103394\/revisions"}],"predecessor-version":[{"id":10103396,"href":"https:\/\/www.projektwrzesnia.pl\/wordpress\/wp-json\/wp\/v2\/posts\/10103394\/revisions\/10103396"}],"wp:featuredmedia":[{"embeddable":true,"href":"https:\/\/www.projektwrzesnia.pl\/wordpress\/wp-json\/wp\/v2\/media\/10103395"}],"wp:attachment":[{"href":"https:\/\/www.projektwrzesnia.pl\/wordpress\/wp-json\/wp\/v2\/media?parent=10103394"}],"wp:term":[{"taxonomy":"category","embeddable":true,"href":"https:\/\/www.projektwrzesnia.pl\/wordpress\/wp-json\/wp\/v2\/categories?post=10103394"},{"taxonomy":"post_tag","embeddable":true,"href":"https:\/\/www.projektwrzesnia.pl\/wordpress\/wp-json\/wp\/v2\/tags?post=10103394"}],"curies":[{"name":"wp","href":"https:\/\/api.w.org\/{rel}","templated":true}]}}