{"id":10103408,"date":"2025-04-18T20:14:59","date_gmt":"2025-04-18T19:14:59","guid":{"rendered":"https:\/\/www.projektwrzesnia.pl\/wordpress\/?p=10103408"},"modified":"2025-04-22T20:18:19","modified_gmt":"2025-04-22T19:18:19","slug":"kaplica-w-unii-wpisana-do-rejestru","status":"publish","type":"post","link":"https:\/\/www.projektwrzesnia.pl\/wordpress\/10103408\/","title":{"rendered":"Kaplica w Unii wpisana do rejestru"},"content":{"rendered":"\n<p>Niedawno do rejestru zabytk\u00f3w zosta\u0142a wpisana zabytkowa kaplica w Unii (gmina Strza\u0142kowo).<\/p>\n\n\n\n<p>Kaplica powsta\u0142a w latach 1928-1930 staraniem Tadeusza Chrzanowskiego (1865-1949), \u00f3wczesnego w\u0142a\u015bciciela Unii. Projekt wykona\u0142 architekt Mieczys\u0142aw Powidzki z Poznania. Intencj\u0105 przy realizacji tego przedsi\u0119wzi\u0119cia by\u0142o stworzenie kaplicy grobowej rodziny Chrzanowskich.<\/p>\n\n\n\n<p>Kaplica zosta\u0142a wykonana na planie krzy\u017ca \u0142aci\u0144skiego z prezbiterium zamkni\u0119tym tr\u00f3jbocznie. Od strony po\u0142udniowo zachodniej do kaplicy przylega wie\u017ca. Kaplica przejawia styl neoroma\u0144ski.<\/p>\n\n\n\n<p>W oknach kaplicy zachowa\u0142y si\u0119 pozosta\u0142o\u015bci witra\u017cy, w tym jeden w ca\u0142o\u015bci z herbem Na\u0142\u0119cz. Wewn\u0105trz kaplicy na \u015bcianach znajduj\u0105 si\u0119 kamienne tablice epitafijne cz\u0142onk\u00f3w rodu Chrzanowskich: Heleny z Janczakowskich Chrzanowskiej, Tadeusza Chrzanowskiego, Olutki Na\u0142\u0119cz Nieniewskiej, Stanis\u0142awa Na\u0142\u0119cz Nieniewskiego. Na wyposa\u017ceniu kaplicy znajduj\u0105 si\u0119 mi\u0119dzy innymi zabytkowe: stacje drogi krzy\u017cowej, chor\u0105giew, ornaty rzymskie, o\u0142tarz (przedsoborowy) wraz z tabernakulum.<\/p>\n\n\n\n<p>Dzi\u0119kujemy Wielkopolskiemu Wojew\u00f3dzkiemu Konserwatorowi Zabytk\u00f3w za dzia\u0142ania w sprawie kaplicy w Unii.<\/p>\n","protected":false},"excerpt":{"rendered":"<p>Dzisiaj w kalendarzu przypada Mi\u0119dzynarodowy Dzie\u0144 Ochrony Zabytk\u00f3w. Z tej okazji prezentujemy wpisan\u0105 niedawno do rejestru zabytk\u00f3w kapic\u0119 w Unii. <\/p>\n","protected":false},"author":3,"featured_media":10103409,"comment_status":"open","ping_status":"open","sticky":false,"template":"","format":"standard","meta":{"_acf_changed":false,"footnotes":""},"categories":[43],"tags":[],"class_list":["post-10103408","post","type-post","status-publish","format-standard","has-post-thumbnail","hentry","category-aktualnosci"],"acf":[],"_links":{"self":[{"href":"https:\/\/www.projektwrzesnia.pl\/wordpress\/wp-json\/wp\/v2\/posts\/10103408","targetHints":{"allow":["GET"]}}],"collection":[{"href":"https:\/\/www.projektwrzesnia.pl\/wordpress\/wp-json\/wp\/v2\/posts"}],"about":[{"href":"https:\/\/www.projektwrzesnia.pl\/wordpress\/wp-json\/wp\/v2\/types\/post"}],"author":[{"embeddable":true,"href":"https:\/\/www.projektwrzesnia.pl\/wordpress\/wp-json\/wp\/v2\/users\/3"}],"replies":[{"embeddable":true,"href":"https:\/\/www.projektwrzesnia.pl\/wordpress\/wp-json\/wp\/v2\/comments?post=10103408"}],"version-history":[{"count":1,"href":"https:\/\/www.projektwrzesnia.pl\/wordpress\/wp-json\/wp\/v2\/posts\/10103408\/revisions"}],"predecessor-version":[{"id":10103410,"href":"https:\/\/www.projektwrzesnia.pl\/wordpress\/wp-json\/wp\/v2\/posts\/10103408\/revisions\/10103410"}],"wp:featuredmedia":[{"embeddable":true,"href":"https:\/\/www.projektwrzesnia.pl\/wordpress\/wp-json\/wp\/v2\/media\/10103409"}],"wp:attachment":[{"href":"https:\/\/www.projektwrzesnia.pl\/wordpress\/wp-json\/wp\/v2\/media?parent=10103408"}],"wp:term":[{"taxonomy":"category","embeddable":true,"href":"https:\/\/www.projektwrzesnia.pl\/wordpress\/wp-json\/wp\/v2\/categories?post=10103408"},{"taxonomy":"post_tag","embeddable":true,"href":"https:\/\/www.projektwrzesnia.pl\/wordpress\/wp-json\/wp\/v2\/tags?post=10103408"}],"curies":[{"name":"wp","href":"https:\/\/api.w.org\/{rel}","templated":true}]}}