{"id":10103422,"date":"2025-04-27T17:59:33","date_gmt":"2025-04-27T16:59:33","guid":{"rendered":"https:\/\/www.projektwrzesnia.pl\/wordpress\/?p=10103422"},"modified":"2025-04-27T18:10:04","modified_gmt":"2025-04-27T17:10:04","slug":"puszcza-zielonka-wczesna-wiosna","status":"publish","type":"post","link":"https:\/\/www.projektwrzesnia.pl\/wordpress\/10103422\/","title":{"rendered":"Puszcza Zielonka wczesn\u0105 wiosn\u0105"},"content":{"rendered":"\n<p>Wczorajszy spacer po Parku Krajobrazowym Puszcza Zielonka w ramach cyklu \u201eNa Manowce\u201d pozwoli\u0142 uczestnikom odkry\u0107 fascynuj\u0105cy \u015bwiat ptak\u00f3w drapie\u017cnych, takich jak myszo\u0142owy i soko\u0142y, oraz pozna\u0107 dzia\u0142ania ochronne podejmowane na rzecz zagro\u017conych gatunk\u00f3w w tym wyj\u0105tkowym ekosystemie.<\/p>\n\n\n\n<p>Artyku\u0142:<\/p>\n\n\n\n<p>Wczorajszy spacer w Puszczy Zielonka, w ramach cyklu \u201eNa Manowce\u201d, by\u0142 wyj\u0105tkow\u0105 okazj\u0105 do odkrycia tego fascynuj\u0105cego miejsca i jego dzikiej przyrody. Puszcza Zielonka, cz\u0119\u015b\u0107 Zespo\u0142u Park\u00f3w Krajobrazowych Wojew\u00f3dztwa Wielkopolskiego, zachwyca r\u00f3\u017cnorodno\u015bci\u0105 krajobraz\u00f3w, od las\u00f3w po rozleg\u0142e mokrad\u0142a i jeziora. Wiosna w tym regionie to czas, gdy przyroda budzi si\u0119 do \u017cycia, a ka\u017cdy krok przynosi nowe odkrycia.<\/p>\n\n\n\n<p>Spacer skupia\u0142 si\u0119 na ptakach szponiastych, w tym myszo\u0142owach i soko\u0142ach, kt\u00f3re s\u0105 obecne w tym obszarze. Przewodniczki opowiedzia\u0142y o ich zwyczajach, strategiach polowania oraz znaczeniu tych ptak\u00f3w w ekosystemie. W trakcie w\u0119dr\u00f3wki uda\u0142o si\u0119 zaobserwowa\u0107 myszo\u0142owy, kt\u00f3re kr\u0105\u017cy\u0142y nad otwartymi przestrzeniami, poluj\u0105c na ma\u0142e ssaki i ptaki. Zatrzymali\u015bmy si\u0119 r\u00f3wnie\u017c przy mokrad\u0142ach, gdzie przewodniczki zwr\u00f3ci\u0142y uwag\u0119 na t\u0119 wyj\u0105tkow\u0105 cz\u0119\u015b\u0107 ekosystemu.<\/p>\n\n\n\n<p>Wa\u017cnym elementem spaceru by\u0142o r\u00f3wnie\u017c przybli\u017cenie kwestii ochrony ptak\u00f3w szponiastych. Przewodniczki m\u00f3wi\u0142y o dzia\u0142aniach podejmowanych w celu ochrony gatunk\u00f3w takich jak rybo\u0142owy czy b\u0142otniaki \u0142\u0105kowe, kt\u00f3re wci\u0105\u017c s\u0105 zagro\u017cone. Warto doda\u0107, \u017ce Puszcza Zielonka stanowi idealne \u015brodowisko dla takich ptak\u00f3w, dzi\u0119ki obecno\u015bci mokrade\u0142 i jezior, kt\u00f3re zapewniaj\u0105 im odpowiednie warunki do \u017cycia i rozmna\u017cania.<\/p>\n\n\n\n<p>Spacer zako\u0144czy\u0142 si\u0119 w malowniczym miejscu, gdzie mogli\u015bmy podziwia\u0107 pi\u0119kno przyrody Puszczy Zielonka. Wiosenne kolory, \u015bpiewy ptak\u00f3w i kr\u0105\u017c\u0105ce nad wodami myszo\u0142owy stworzy\u0142y niezapomnian\u0105 atmosfer\u0119.<\/p>\n\n\n\n<figure class=\"wp-block-gallery has-nested-images columns-default is-cropped wp-block-gallery-1 is-layout-flex wp-block-gallery-is-layout-flex\">\n<figure class=\"wp-block-image size-large\"><img loading=\"lazy\" decoding=\"async\" width=\"1024\" height=\"768\" data-id=\"10103435\" src=\"https:\/\/www.projektwrzesnia.pl\/wordpress\/wp-content\/uploads\/2025\/04\/20250427_spacer-13-1024x768.jpg\" alt=\"\" class=\"wp-image-10103435\" srcset=\"https:\/\/www.projektwrzesnia.pl\/wordpress\/wp-content\/uploads\/2025\/04\/20250427_spacer-13-1024x768.jpg 1024w, https:\/\/www.projektwrzesnia.pl\/wordpress\/wp-content\/uploads\/2025\/04\/20250427_spacer-13-300x225.jpg 300w, https:\/\/www.projektwrzesnia.pl\/wordpress\/wp-content\/uploads\/2025\/04\/20250427_spacer-13-768x576.jpg 768w, https:\/\/www.projektwrzesnia.pl\/wordpress\/wp-content\/uploads\/2025\/04\/20250427_spacer-13-1536x1152.jpg 1536w, https:\/\/www.projektwrzesnia.pl\/wordpress\/wp-content\/uploads\/2025\/04\/20250427_spacer-13.jpg 2048w\" sizes=\"auto, (max-width: 1024px) 100vw, 1024px\" \/><\/figure>\n\n\n\n<figure class=\"wp-block-image size-large\"><img loading=\"lazy\" decoding=\"async\" width=\"768\" height=\"1024\" data-id=\"10103434\" src=\"https:\/\/www.projektwrzesnia.pl\/wordpress\/wp-content\/uploads\/2025\/04\/20250427_spacer-12-768x1024.jpg\" alt=\"\" class=\"wp-image-10103434\" srcset=\"https:\/\/www.projektwrzesnia.pl\/wordpress\/wp-content\/uploads\/2025\/04\/20250427_spacer-12-768x1024.jpg 768w, https:\/\/www.projektwrzesnia.pl\/wordpress\/wp-content\/uploads\/2025\/04\/20250427_spacer-12-225x300.jpg 225w, https:\/\/www.projektwrzesnia.pl\/wordpress\/wp-content\/uploads\/2025\/04\/20250427_spacer-12-1152x1536.jpg 1152w, https:\/\/www.projektwrzesnia.pl\/wordpress\/wp-content\/uploads\/2025\/04\/20250427_spacer-12.jpg 1536w\" sizes=\"auto, (max-width: 768px) 100vw, 768px\" \/><\/figure>\n\n\n\n<figure class=\"wp-block-image size-large\"><img loading=\"lazy\" decoding=\"async\" width=\"1024\" height=\"768\" data-id=\"10103433\" src=\"https:\/\/www.projektwrzesnia.pl\/wordpress\/wp-content\/uploads\/2025\/04\/20250427_spacer-11-1024x768.jpg\" alt=\"\" class=\"wp-image-10103433\" srcset=\"https:\/\/www.projektwrzesnia.pl\/wordpress\/wp-content\/uploads\/2025\/04\/20250427_spacer-11-1024x768.jpg 1024w, https:\/\/www.projektwrzesnia.pl\/wordpress\/wp-content\/uploads\/2025\/04\/20250427_spacer-11-300x225.jpg 300w, https:\/\/www.projektwrzesnia.pl\/wordpress\/wp-content\/uploads\/2025\/04\/20250427_spacer-11-768x576.jpg 768w, https:\/\/www.projektwrzesnia.pl\/wordpress\/wp-content\/uploads\/2025\/04\/20250427_spacer-11-1536x1152.jpg 1536w, https:\/\/www.projektwrzesnia.pl\/wordpress\/wp-content\/uploads\/2025\/04\/20250427_spacer-11.jpg 2048w\" sizes=\"auto, (max-width: 1024px) 100vw, 1024px\" \/><\/figure>\n\n\n\n<figure class=\"wp-block-image size-large\"><img loading=\"lazy\" decoding=\"async\" width=\"1024\" height=\"768\" data-id=\"10103428\" src=\"https:\/\/www.projektwrzesnia.pl\/wordpress\/wp-content\/uploads\/2025\/04\/20250427_spacer-5-1024x768.jpg\" alt=\"\" class=\"wp-image-10103428\" srcset=\"https:\/\/www.projektwrzesnia.pl\/wordpress\/wp-content\/uploads\/2025\/04\/20250427_spacer-5-1024x768.jpg 1024w, https:\/\/www.projektwrzesnia.pl\/wordpress\/wp-content\/uploads\/2025\/04\/20250427_spacer-5-300x225.jpg 300w, https:\/\/www.projektwrzesnia.pl\/wordpress\/wp-content\/uploads\/2025\/04\/20250427_spacer-5-768x576.jpg 768w, https:\/\/www.projektwrzesnia.pl\/wordpress\/wp-content\/uploads\/2025\/04\/20250427_spacer-5-1536x1153.jpg 1536w, https:\/\/www.projektwrzesnia.pl\/wordpress\/wp-content\/uploads\/2025\/04\/20250427_spacer-5-2048x1537.jpg 2048w\" sizes=\"auto, (max-width: 1024px) 100vw, 1024px\" \/><\/figure>\n<\/figure>\n","protected":false},"excerpt":{"rendered":"<p>Wczorajszy spacer po Parku Krajobrazowym Puszcza Zielonka w ramach cyklu \u201eNa Manowce\u201d pozwoli\u0142 uczestnikom odkry\u0107 fascynuj\u0105cy \u015bwiat ptak\u00f3w drapie\u017cnych, takich jak myszo\u0142owy i soko\u0142y, oraz pozna\u0107 dzia\u0142ania ochronne podejmowane na rzecz zagro\u017conych gatunk\u00f3w w tym wyj\u0105tkowym ekosystemie.<\/p>\n","protected":false},"author":2,"featured_media":10103428,"comment_status":"open","ping_status":"open","sticky":false,"template":"","format":"standard","meta":{"_acf_changed":false,"footnotes":""},"categories":[43],"tags":[],"class_list":["post-10103422","post","type-post","status-publish","format-standard","has-post-thumbnail","hentry","category-aktualnosci"],"acf":[],"_links":{"self":[{"href":"https:\/\/www.projektwrzesnia.pl\/wordpress\/wp-json\/wp\/v2\/posts\/10103422","targetHints":{"allow":["GET"]}}],"collection":[{"href":"https:\/\/www.projektwrzesnia.pl\/wordpress\/wp-json\/wp\/v2\/posts"}],"about":[{"href":"https:\/\/www.projektwrzesnia.pl\/wordpress\/wp-json\/wp\/v2\/types\/post"}],"author":[{"embeddable":true,"href":"https:\/\/www.projektwrzesnia.pl\/wordpress\/wp-json\/wp\/v2\/users\/2"}],"replies":[{"embeddable":true,"href":"https:\/\/www.projektwrzesnia.pl\/wordpress\/wp-json\/wp\/v2\/comments?post=10103422"}],"version-history":[{"count":2,"href":"https:\/\/www.projektwrzesnia.pl\/wordpress\/wp-json\/wp\/v2\/posts\/10103422\/revisions"}],"predecessor-version":[{"id":10103436,"href":"https:\/\/www.projektwrzesnia.pl\/wordpress\/wp-json\/wp\/v2\/posts\/10103422\/revisions\/10103436"}],"wp:featuredmedia":[{"embeddable":true,"href":"https:\/\/www.projektwrzesnia.pl\/wordpress\/wp-json\/wp\/v2\/media\/10103428"}],"wp:attachment":[{"href":"https:\/\/www.projektwrzesnia.pl\/wordpress\/wp-json\/wp\/v2\/media?parent=10103422"}],"wp:term":[{"taxonomy":"category","embeddable":true,"href":"https:\/\/www.projektwrzesnia.pl\/wordpress\/wp-json\/wp\/v2\/categories?post=10103422"},{"taxonomy":"post_tag","embeddable":true,"href":"https:\/\/www.projektwrzesnia.pl\/wordpress\/wp-json\/wp\/v2\/tags?post=10103422"}],"curies":[{"name":"wp","href":"https:\/\/api.w.org\/{rel}","templated":true}]}}