{"id":10103453,"date":"2025-04-22T21:26:42","date_gmt":"2025-04-22T20:26:42","guid":{"rendered":"https:\/\/www.projektwrzesnia.pl\/wordpress\/?p=10103453"},"modified":"2025-05-22T21:28:33","modified_gmt":"2025-05-22T20:28:33","slug":"zajac-w-domu-dziecka-w-kolaczkowie","status":"publish","type":"post","link":"https:\/\/www.projektwrzesnia.pl\/wordpress\/10103453\/","title":{"rendered":"Zaj\u0105c w Domu Dziecka w Ko\u0142aczkowie"},"content":{"rendered":"\n<p>Kic kic, dzisiaj Zaj\u0105c przykica\u0142 do O\u015brodka Wspomagania Dziecka i Rodziny w Ko\u0142aczkowie.<\/p>\n\n\n\n<p>To nasza ma\u0142a wielkanocna tradycja, by odwiedzi\u0107 powiatowy Dom Dziecka.<\/p>\n\n\n\n<p>W o\u015brodku przebywa obecnie kilkunastu wychowank\u00f3w, warto o nich pami\u0119ta\u0107, przy szykowaniu \u015bwi\u0105tecznych upomink\u00f3w.<\/p>\n","protected":false},"excerpt":{"rendered":"<p>Kic kic, dzisiaj Zaj\u0105c przykica\u0142 do O\u015brodka Wspomagania Dziecka i Rodziny w Ko\u0142aczkowie.<\/p>\n","protected":false},"author":3,"featured_media":10103454,"comment_status":"open","ping_status":"open","sticky":false,"template":"","format":"standard","meta":{"_acf_changed":false,"footnotes":""},"categories":[35],"tags":[],"class_list":["post-10103453","post","type-post","status-publish","format-standard","has-post-thumbnail","hentry","category-35"],"acf":[],"_links":{"self":[{"href":"https:\/\/www.projektwrzesnia.pl\/wordpress\/wp-json\/wp\/v2\/posts\/10103453","targetHints":{"allow":["GET"]}}],"collection":[{"href":"https:\/\/www.projektwrzesnia.pl\/wordpress\/wp-json\/wp\/v2\/posts"}],"about":[{"href":"https:\/\/www.projektwrzesnia.pl\/wordpress\/wp-json\/wp\/v2\/types\/post"}],"author":[{"embeddable":true,"href":"https:\/\/www.projektwrzesnia.pl\/wordpress\/wp-json\/wp\/v2\/users\/3"}],"replies":[{"embeddable":true,"href":"https:\/\/www.projektwrzesnia.pl\/wordpress\/wp-json\/wp\/v2\/comments?post=10103453"}],"version-history":[{"count":1,"href":"https:\/\/www.projektwrzesnia.pl\/wordpress\/wp-json\/wp\/v2\/posts\/10103453\/revisions"}],"predecessor-version":[{"id":10103455,"href":"https:\/\/www.projektwrzesnia.pl\/wordpress\/wp-json\/wp\/v2\/posts\/10103453\/revisions\/10103455"}],"wp:featuredmedia":[{"embeddable":true,"href":"https:\/\/www.projektwrzesnia.pl\/wordpress\/wp-json\/wp\/v2\/media\/10103454"}],"wp:attachment":[{"href":"https:\/\/www.projektwrzesnia.pl\/wordpress\/wp-json\/wp\/v2\/media?parent=10103453"}],"wp:term":[{"taxonomy":"category","embeddable":true,"href":"https:\/\/www.projektwrzesnia.pl\/wordpress\/wp-json\/wp\/v2\/categories?post=10103453"},{"taxonomy":"post_tag","embeddable":true,"href":"https:\/\/www.projektwrzesnia.pl\/wordpress\/wp-json\/wp\/v2\/tags?post=10103453"}],"curies":[{"name":"wp","href":"https:\/\/api.w.org\/{rel}","templated":true}]}}