{"id":10103456,"date":"2025-05-27T19:52:38","date_gmt":"2025-05-27T18:52:38","guid":{"rendered":"https:\/\/www.projektwrzesnia.pl\/wordpress\/?p=10103456"},"modified":"2025-05-27T19:52:40","modified_gmt":"2025-05-27T18:52:40","slug":"peron-w-chwalibogowie","status":"publish","type":"post","link":"https:\/\/www.projektwrzesnia.pl\/wordpress\/10103456\/","title":{"rendered":"Peron w Chwalibogowie"},"content":{"rendered":"\n<p>W trakcie jednego z zebra\u0144 wiejskich w Chwalibogowie zg\u0142oszono nam kwesti\u0119 braku drugiego peronu na przystanku kolejowym w Chwalibogowie. W efekcie korzystanie z transportu kolejowego przez mieszka\u0144c\u00f3w &#8211; zw\u0142aszcza os\u00f3b starszych, dzieci i niepe\u0142nosprawnych &#8211; wi\u0105za\u0142o si\u0119 z niedogodno\u015bciami przy wsiadaniu i wysiadaniu z poci\u0105gu. Temat ten poruszano tak\u017ce w trakcie organizowanych przez nas warsztat\u00f3w dotycz\u0105cych transportu publicznego na sali wiejskiej w Chwalibogowie 30 marca 2022 roku. Od tego czasu pisali\u015bmy do sp\u00f3\u0142ki PKP Polskie Linie Kolejowe, aby podj\u0119\u0142a odpowiednie dzia\u0142ania.<\/p>\n\n\n\n<p>Na szcz\u0119\u015bcie w tej sprawie s\u0105 dobre informacje. Dnia 22 stycznia 2025 roku podpisano umow\u0119 z wykonawc\u0105 nowego peronu. Obecnie zadanie jest na etapie projektowania oraz przygotowania do pozyskania decyzji administracyjnych. Rozpocz\u0119cie i zako\u0144czenie rob\u00f3t budowlanych jest przewidziane do ko\u0144ca 2025 roku.<\/p>\n\n\n\n<p>Trzymamy kciuki, \u017ceby termin zosta\u0142 dochowany. Spraw\u0119 b\u0119dziemy na bie\u017c\u0105co monitorowa\u0107.<\/p>\n","protected":false},"excerpt":{"rendered":"<p>W trakcie zebra\u0144 wiejskich w 2022 r. zg\u0142aszano nam kwesti\u0119 braku drugiego peronu na przystanku kolejowym w Chwalibogowie. Od tego czasu pisali\u015bmy do sp\u00f3\u0142ki PKP Polskie Linie Kolejowe, aby podj\u0119\u0142a odpowiednie dzia\u0142ania. Na szcz\u0119\u015bcie w tej sprawie s\u0105 dobre informacje.<\/p>\n","protected":false},"author":3,"featured_media":10103457,"comment_status":"open","ping_status":"open","sticky":false,"template":"","format":"standard","meta":{"_acf_changed":false,"footnotes":""},"categories":[43],"tags":[],"class_list":["post-10103456","post","type-post","status-publish","format-standard","has-post-thumbnail","hentry","category-aktualnosci"],"acf":[],"_links":{"self":[{"href":"https:\/\/www.projektwrzesnia.pl\/wordpress\/wp-json\/wp\/v2\/posts\/10103456","targetHints":{"allow":["GET"]}}],"collection":[{"href":"https:\/\/www.projektwrzesnia.pl\/wordpress\/wp-json\/wp\/v2\/posts"}],"about":[{"href":"https:\/\/www.projektwrzesnia.pl\/wordpress\/wp-json\/wp\/v2\/types\/post"}],"author":[{"embeddable":true,"href":"https:\/\/www.projektwrzesnia.pl\/wordpress\/wp-json\/wp\/v2\/users\/3"}],"replies":[{"embeddable":true,"href":"https:\/\/www.projektwrzesnia.pl\/wordpress\/wp-json\/wp\/v2\/comments?post=10103456"}],"version-history":[{"count":1,"href":"https:\/\/www.projektwrzesnia.pl\/wordpress\/wp-json\/wp\/v2\/posts\/10103456\/revisions"}],"predecessor-version":[{"id":10103458,"href":"https:\/\/www.projektwrzesnia.pl\/wordpress\/wp-json\/wp\/v2\/posts\/10103456\/revisions\/10103458"}],"wp:featuredmedia":[{"embeddable":true,"href":"https:\/\/www.projektwrzesnia.pl\/wordpress\/wp-json\/wp\/v2\/media\/10103457"}],"wp:attachment":[{"href":"https:\/\/www.projektwrzesnia.pl\/wordpress\/wp-json\/wp\/v2\/media?parent=10103456"}],"wp:term":[{"taxonomy":"category","embeddable":true,"href":"https:\/\/www.projektwrzesnia.pl\/wordpress\/wp-json\/wp\/v2\/categories?post=10103456"},{"taxonomy":"post_tag","embeddable":true,"href":"https:\/\/www.projektwrzesnia.pl\/wordpress\/wp-json\/wp\/v2\/tags?post=10103456"}],"curies":[{"name":"wp","href":"https:\/\/api.w.org\/{rel}","templated":true}]}}