{"id":10103459,"date":"2025-05-28T20:31:59","date_gmt":"2025-05-28T19:31:59","guid":{"rendered":"https:\/\/www.projektwrzesnia.pl\/wordpress\/?p=10103459"},"modified":"2025-05-28T20:32:00","modified_gmt":"2025-05-28T19:32:00","slug":"ulica-kolejowa-w-marzeninie-co-dalej","status":"publish","type":"post","link":"https:\/\/www.projektwrzesnia.pl\/wordpress\/10103459\/","title":{"rendered":"Ulica Kolejowa w Marzeninie \u2013 co dalej?"},"content":{"rendered":"\n<p>Od kilku lat toczy si\u0119 sprawa uregulowania stanu prawnego ulicy Kolejowej w Marzeninie. Pisali\u015bmy o tym <a href=\"https:\/\/www.projektwrzesnia.pl\/asp\/pl_start.asp?typ=13&amp;menu=13&amp;artykul=655&amp;akcja=artykul\">tutaj<\/a> i <a href=\"https:\/\/www.projektwrzesnia.pl\/wordpress\/741\/\">tutaj<\/a>.<\/p>\n\n\n\n<p>Pierwotnie na przeszkodzie przekazania gruntu pod drog\u0119 Gminie Wrze\u015bnia sta\u0142a infrastruktura kolejowa. Gdy ta kwestia zosta\u0142a rozwi\u0105zana w zwi\u0105zku z modernizacj\u0105 trakcji i zast\u0105pieniu starej infrastruktury kolejowej now\u0105, pojawi\u0142 si\u0119 kolejny problem. PKP oczekuje, \u017ce Gmina Wrze\u015bnia wybuduje barier\u0119 energoch\u0142onn\u0105 b\u0105d\u017a inne zabezpieczenie drogi od czynnej linii kolejowej. Tym samym sprawa praktycznie stan\u0119\u0142a w miejscu.<\/p>\n\n\n\n<p>Wyst\u0105pili\u015bmy do PKP z wnioskiem o z\u0142agodzenie swoich wymaga\u0144, a do Gminy Wrze\u015bnia z pro\u015bb\u0105 o przemy\u015blenie alternatywnych rozwi\u0105za\u0144 (ogrodzenie ochronne, bariery betonowe, s\u0142upki odblaskowe). Mamy nadziej\u0119, \u017ce sprawa ruszy wreszcie z miejsca.<\/p>\n","protected":false},"excerpt":{"rendered":"<p>Od kilku lat ci\u0105gnie si\u0119 sprawa uregulowania stanu prawnego ulicy Kolejowej w Marzeninie. Tym razem PKP oczekuje, \u017ce Gmina Wrze\u015bnia wybuduje barier\u0119 energoch\u0142onn\u0105 b\u0105d\u017a inne zabezpieczenie drogi od czynnej linii kolejowej.<\/p>\n","protected":false},"author":3,"featured_media":10103460,"comment_status":"open","ping_status":"open","sticky":false,"template":"","format":"standard","meta":{"_acf_changed":false,"footnotes":""},"categories":[43],"tags":[],"class_list":["post-10103459","post","type-post","status-publish","format-standard","has-post-thumbnail","hentry","category-aktualnosci"],"acf":[],"_links":{"self":[{"href":"https:\/\/www.projektwrzesnia.pl\/wordpress\/wp-json\/wp\/v2\/posts\/10103459","targetHints":{"allow":["GET"]}}],"collection":[{"href":"https:\/\/www.projektwrzesnia.pl\/wordpress\/wp-json\/wp\/v2\/posts"}],"about":[{"href":"https:\/\/www.projektwrzesnia.pl\/wordpress\/wp-json\/wp\/v2\/types\/post"}],"author":[{"embeddable":true,"href":"https:\/\/www.projektwrzesnia.pl\/wordpress\/wp-json\/wp\/v2\/users\/3"}],"replies":[{"embeddable":true,"href":"https:\/\/www.projektwrzesnia.pl\/wordpress\/wp-json\/wp\/v2\/comments?post=10103459"}],"version-history":[{"count":1,"href":"https:\/\/www.projektwrzesnia.pl\/wordpress\/wp-json\/wp\/v2\/posts\/10103459\/revisions"}],"predecessor-version":[{"id":10103461,"href":"https:\/\/www.projektwrzesnia.pl\/wordpress\/wp-json\/wp\/v2\/posts\/10103459\/revisions\/10103461"}],"wp:featuredmedia":[{"embeddable":true,"href":"https:\/\/www.projektwrzesnia.pl\/wordpress\/wp-json\/wp\/v2\/media\/10103460"}],"wp:attachment":[{"href":"https:\/\/www.projektwrzesnia.pl\/wordpress\/wp-json\/wp\/v2\/media?parent=10103459"}],"wp:term":[{"taxonomy":"category","embeddable":true,"href":"https:\/\/www.projektwrzesnia.pl\/wordpress\/wp-json\/wp\/v2\/categories?post=10103459"},{"taxonomy":"post_tag","embeddable":true,"href":"https:\/\/www.projektwrzesnia.pl\/wordpress\/wp-json\/wp\/v2\/tags?post=10103459"}],"curies":[{"name":"wp","href":"https:\/\/api.w.org\/{rel}","templated":true}]}}