{"id":10103463,"date":"2025-06-06T15:57:39","date_gmt":"2025-06-06T14:57:39","guid":{"rendered":"https:\/\/www.projektwrzesnia.pl\/wordpress\/?p=10103463"},"modified":"2025-06-16T15:58:56","modified_gmt":"2025-06-16T14:58:56","slug":"sciezka-rowerowa-wrzesnia-gniezno","status":"publish","type":"post","link":"https:\/\/www.projektwrzesnia.pl\/wordpress\/10103463\/","title":{"rendered":"\u015acie\u017cka rowerowa Wrze\u015bnia-Gniezno"},"content":{"rendered":"\n<p>W ostatnim czasie przypomnieli\u015bmy si\u0119 Generalnej Dyrekcji Dr\u00f3g Krajowych i Autostrad z tematem \u015bcie\u017cki rowerowej od Soko\u0142owa do Czelu\u015bcina. W odpowiedzi Generalna Dyrekcja Dr\u00f3g Krajowych i Autostrad poinformowa\u0142a nas, \u017ce umie\u015bci\u0142a realizacj\u0119 \u015bcie\u017cki rowerowej, w ramach og\u00f3lnopolskiego programu pn. \u201eProgram Ochrony Zdrowia i \u017bycia Pieszych i Rowerzyst\u00f3w\u201d, skupiaj\u0105cego zadania z zakresu poprawy bezpiecze\u0144stwa ruchu drogowego na sieci dr\u00f3g krajowych. Mamy nadziej\u0119, \u017ce znajd\u0105 si\u0119 niebawem \u015brodki finansowe na realizacj\u0119 tego zadania.<\/p>\n\n\n\n<p>Z kolei od kilku lat m\u00f3wimy o potrzebie budowy \u015bcie\u017cki rowerowej od Soko\u0142owa do ronda w Soko\u0142\u00f3wku. Okaza\u0142o si\u0119, \u017ce warto by\u0142o podejmowa\u0107 temat, bo wreszcie zacz\u0119\u0142o si\u0119 co\u015b dzia\u0107 w temacie. Trwaj\u0105 w\u0142a\u015bnie prace nad dokumentacj\u0105 techniczn\u0105. W ramach inwestycji przewiduje si\u0119 drog\u0119 dla pieszych i rower\u00f3w o szeroko\u015bci 3 m oraz budow\u0119 o\u015bwietlenia drogi dla pieszych i rower\u00f3w. Dzi\u0119ki tej inwestycji ci\u0105gi rowerowe zostan\u0105 po\u0142\u0105czone, co znacznie poprawi komunikacj\u0119 i wp\u0142ynie pozytywnie na komfort uczestnik\u00f3w ruchu pieszego i rowerowego.<\/p>\n\n\n\n<p>Trzymamy kciuki za obie inwestycje i b\u0119dziemy na bie\u017c\u0105co monitorowa\u0107 post\u0119py.<\/p>\n","protected":false},"excerpt":{"rendered":"<p>Od kilku lat dzia\u0142amy na rzecz realizacji \u015bcie\u017cki rowerowej pomi\u0119dzy Wrze\u015bni\u0105 a Gnieznem. <\/p>\n","protected":false},"author":3,"featured_media":10103464,"comment_status":"open","ping_status":"open","sticky":false,"template":"","format":"standard","meta":{"_acf_changed":false,"footnotes":""},"categories":[43],"tags":[],"class_list":["post-10103463","post","type-post","status-publish","format-standard","has-post-thumbnail","hentry","category-aktualnosci"],"acf":[],"_links":{"self":[{"href":"https:\/\/www.projektwrzesnia.pl\/wordpress\/wp-json\/wp\/v2\/posts\/10103463","targetHints":{"allow":["GET"]}}],"collection":[{"href":"https:\/\/www.projektwrzesnia.pl\/wordpress\/wp-json\/wp\/v2\/posts"}],"about":[{"href":"https:\/\/www.projektwrzesnia.pl\/wordpress\/wp-json\/wp\/v2\/types\/post"}],"author":[{"embeddable":true,"href":"https:\/\/www.projektwrzesnia.pl\/wordpress\/wp-json\/wp\/v2\/users\/3"}],"replies":[{"embeddable":true,"href":"https:\/\/www.projektwrzesnia.pl\/wordpress\/wp-json\/wp\/v2\/comments?post=10103463"}],"version-history":[{"count":1,"href":"https:\/\/www.projektwrzesnia.pl\/wordpress\/wp-json\/wp\/v2\/posts\/10103463\/revisions"}],"predecessor-version":[{"id":10103465,"href":"https:\/\/www.projektwrzesnia.pl\/wordpress\/wp-json\/wp\/v2\/posts\/10103463\/revisions\/10103465"}],"wp:featuredmedia":[{"embeddable":true,"href":"https:\/\/www.projektwrzesnia.pl\/wordpress\/wp-json\/wp\/v2\/media\/10103464"}],"wp:attachment":[{"href":"https:\/\/www.projektwrzesnia.pl\/wordpress\/wp-json\/wp\/v2\/media?parent=10103463"}],"wp:term":[{"taxonomy":"category","embeddable":true,"href":"https:\/\/www.projektwrzesnia.pl\/wordpress\/wp-json\/wp\/v2\/categories?post=10103463"},{"taxonomy":"post_tag","embeddable":true,"href":"https:\/\/www.projektwrzesnia.pl\/wordpress\/wp-json\/wp\/v2\/tags?post=10103463"}],"curies":[{"name":"wp","href":"https:\/\/api.w.org\/{rel}","templated":true}]}}