{"id":10103472,"date":"2025-06-19T09:27:08","date_gmt":"2025-06-19T08:27:08","guid":{"rendered":"https:\/\/www.projektwrzesnia.pl\/wordpress\/?p=10103472"},"modified":"2025-06-19T09:27:09","modified_gmt":"2025-06-19T08:27:09","slug":"odznaczenia-za-opieke-nad-zabytkami","status":"publish","type":"post","link":"https:\/\/www.projektwrzesnia.pl\/wordpress\/10103472\/","title":{"rendered":"Odznaczenia za opiek\u0119 nad zabytkami"},"content":{"rendered":"\n<p>We wtorek w Sali Herbowej Wielkopolskiego Urz\u0119du Wojew\u00f3dzkiego w Poznaniu odby\u0142a si\u0119 uroczysto\u015b\u0107 wr\u0119czenia odznacze\u0144. W imieniu Ministra odznaczenia wr\u0119czy\u0142a Agata Sobczyk, Wojewoda Wielkopolska. Odznaczonych zosta\u0142 dziewi\u0119\u0107 os\u00f3b, anga\u017cuj\u0105ce si\u0119 na co dzie\u0144 w przedsi\u0119wzi\u0119cia organizowane przez stowarzyszenie Projekt Wrze\u015bnia, kt\u00f3re pe\u0142ni funkcj\u0119 spo\u0142ecznego opiekuna zabytk\u00f3w. Z\u0142ote odznaczenia \u201eZa opiek\u0119 nad zabytkami\u201d otrzymali: Arkadiusz Sobczak, Kornel Tomczak, Maciej S\u0142owi\u0144ski, Filip Tomczak, Walentyna Tomczak, Juliusz Kruszy\u0144ski, Halina Wo\u017aniak-Hendrysiak i Micha\u0142 Przyby\u0142a. Srebrne odznaczenie przyznano Iwonie Ka\u017amierczak. <\/p>\n\n\n\n<p>Minister doceni\u0142 g\u0142\u00f3wnie dzia\u0142ania zwi\u0105zane z kwestowaniem i remontowaniem grob\u00f3w powsta\u0144c\u00f3w i \u017co\u0142nierzy, wydawanie publikacji historycznych, porz\u0105dkowanie i dokumentowanie zabytk\u00f3w, udzia\u0142 w wykopaliskach archeologicznych, organizowanie wydarze\u0144 patriotycznych i dzia\u0142ania prawne przy zabytkach.<\/p>\n","protected":false},"excerpt":{"rendered":"<p>Minister Kultury i Dziedzictwa Narodowego przyzna\u0142 dziewi\u0119ciu osobom zwi\u0105zanym z naszym stowarzyszeniem odznaczenia \u201cZa opiek\u0119 nad zabytkami\u201d.<\/p>\n","protected":false},"author":3,"featured_media":10103473,"comment_status":"open","ping_status":"open","sticky":false,"template":"","format":"standard","meta":{"_acf_changed":false,"footnotes":""},"categories":[43],"tags":[],"class_list":["post-10103472","post","type-post","status-publish","format-standard","has-post-thumbnail","hentry","category-aktualnosci"],"acf":[],"_links":{"self":[{"href":"https:\/\/www.projektwrzesnia.pl\/wordpress\/wp-json\/wp\/v2\/posts\/10103472","targetHints":{"allow":["GET"]}}],"collection":[{"href":"https:\/\/www.projektwrzesnia.pl\/wordpress\/wp-json\/wp\/v2\/posts"}],"about":[{"href":"https:\/\/www.projektwrzesnia.pl\/wordpress\/wp-json\/wp\/v2\/types\/post"}],"author":[{"embeddable":true,"href":"https:\/\/www.projektwrzesnia.pl\/wordpress\/wp-json\/wp\/v2\/users\/3"}],"replies":[{"embeddable":true,"href":"https:\/\/www.projektwrzesnia.pl\/wordpress\/wp-json\/wp\/v2\/comments?post=10103472"}],"version-history":[{"count":1,"href":"https:\/\/www.projektwrzesnia.pl\/wordpress\/wp-json\/wp\/v2\/posts\/10103472\/revisions"}],"predecessor-version":[{"id":10103474,"href":"https:\/\/www.projektwrzesnia.pl\/wordpress\/wp-json\/wp\/v2\/posts\/10103472\/revisions\/10103474"}],"wp:featuredmedia":[{"embeddable":true,"href":"https:\/\/www.projektwrzesnia.pl\/wordpress\/wp-json\/wp\/v2\/media\/10103473"}],"wp:attachment":[{"href":"https:\/\/www.projektwrzesnia.pl\/wordpress\/wp-json\/wp\/v2\/media?parent=10103472"}],"wp:term":[{"taxonomy":"category","embeddable":true,"href":"https:\/\/www.projektwrzesnia.pl\/wordpress\/wp-json\/wp\/v2\/categories?post=10103472"},{"taxonomy":"post_tag","embeddable":true,"href":"https:\/\/www.projektwrzesnia.pl\/wordpress\/wp-json\/wp\/v2\/tags?post=10103472"}],"curies":[{"name":"wp","href":"https:\/\/api.w.org\/{rel}","templated":true}]}}