{"id":10103476,"date":"2025-06-26T17:22:06","date_gmt":"2025-06-26T16:22:06","guid":{"rendered":"https:\/\/www.projektwrzesnia.pl\/wordpress\/?p=10103476"},"modified":"2025-06-29T17:24:34","modified_gmt":"2025-06-29T16:24:34","slug":"xi-sesja-rady-miejskiej-we-wrzesni","status":"publish","type":"post","link":"https:\/\/www.projektwrzesnia.pl\/wordpress\/10103476\/","title":{"rendered":"XI Sesja Rady Miejskiej we Wrze\u015bni"},"content":{"rendered":"\n<p>Dzisiaj odby\u0142a si\u0119 XI Sesja Rady Miejskiej we Wrze\u015bni. Obrady trwa\u0142y ponad 4 godziny, co wynika\u0142o z ilo\u015bci uchwa\u0142 do podj\u0119cia (blisko trzydzie\u015bci) oraz debaty nad stanem gminy Wrze\u015bnia po\u0142\u0105czonej z g\u0142osowaniem nad wotum zaufania i absolutorium.<\/p>\n\n\n\n<p>Ca\u0142y pakiet uchwa\u0142 otworzy\u0142o g\u0142osowanie nad wyra\u017ceniem zgody na zbycia niezamieszka\u0142ych lokali mieszkalnych nale\u017c\u0105cych do gminy Wrze\u015bnia. Sporo miejsca po\u015bwi\u0119cono r\u00f3wnie\u017c dokumentowi o nazwie \u201eGminny Program Rewitalizacji Miasta i Gminy Wrze\u015bnia do 2030 roku\u201d. Niestety wszystkie zaproponowane przez nas propozycje do programu zosta\u0142y odrzucone we wcze\u015bniejszych konsultacjach. Zaproponowali\u015bmy bardziej transparentne procedury powo\u0142ywania cz\u0142onk\u00f3w Komitetu Rewitalizacji Miasta i Gminy Wrze\u015bni. Wi\u0119kszo\u015b\u0107 radnych uzna\u0142a jednak, \u017ce takie rozwi\u0105zania nie s\u0105 potrzebne. Kolejnym du\u017cym tematem by\u0142a kwestia zabytk\u00f3w. Przyj\u0119li\u015bmy \u201eGminny Program Opieki nad Zabytkami dla Miasta i Gminy Wrze\u015bnia na lata 2021-2024\u201d. Jako Projekt Wrze\u015bnia zaproponowali\u015bmy uchwa\u0142\u0119 o rozszerzeniu dotacji na zabytki r\u00f3wnie\u017c do tych uj\u0119tych w gminnej ewidencji zabytk\u00f3w. Uwa\u017camy, \u017ce takie rozwi\u0105zanie jest potrzebne, tym bardziej \u017ce w bud\u017cecie zosta\u0142y niewykorzystane \u015brodki na zabytki. Niestety i tym razem wi\u0119kszo\u015b\u0107 radnych PO i Unii Wrze\u015bnian by\u0142o przeciwko. Przyj\u0119li\u015bmy r\u00f3wnie\u017c uchwa\u0142\u0119 w&nbsp; sprawie podzia\u0142u so\u0142ectwa Chocicza Wielka na dwa odr\u0119bne so\u0142ectwa: so\u0142ectwo Chocicza Wielka i so\u0142ectwo Bia\u0142\u0119\u017cyce. Tym samym po Nadarzycach i Ostrowie Szlacheckim pojawia si\u0119 w gminie kolejne nowe so\u0142ectwo \u2013 w konsekwencji jest obecnie 36 so\u0142ectw. Poparli\u015bmy r\u00f3wnie\u017c przyst\u0105pienia do sporz\u0105dzenia miejscowego planu zagospodarowania przestrzennego w Gutowie Ma\u0142ym w okolicach obwodnicy i marketu Dino.<\/p>\n\n\n\n<p>Druga cz\u0119\u015b\u0107 sesji by\u0142a po\u015bwi\u0119cona debacie nad stanem gminy Wrze\u015bnia. Powiedzieli\u015bmy o problemach z drogami na Osiedlu Tysi\u0105clecia, Mankowie, w Centrum i terenach wiejskich, o braku komunikacji publicznej w wielu wiejskich miejscowo\u015bciach oraz ra\u017c\u0105cym niedbalstwie dotycz\u0105cym braku siedziby dla OSP Wrze\u015bnia. Z powodu zawieszenia burmistrza, braku ujawnienia dochodu burmistrza (nie podano nam kwot pomimo jawno\u015bci takich danych), oraz prokuratorskich zarzutach, zag\u0142osowali\u015bmy przeciwko udzieleniu wotum zaufania i absolutorium burmistrzowi za 2024 rok.<br><br>Sesj\u0119 mo\u017cna zobaczy\u0107 <a href=\"https:\/\/www.youtube.com\/watch?v=s4a0VYs2NNk&amp;list=PLWg8AwCLoryWqr6YkK4EVSU121wcXehMI&amp;index=34&amp;ab_channel=Wrze%C5%9Bnia-MiastowCentrumZainteresowania\">tutaj<\/a>. <\/p>\n","protected":false},"excerpt":{"rendered":"<p>Dzisiaj mia\u0142a miejsce XI Sesja Rady Miejskiej we Wrze\u015bni, w trakcie kt\u00f3rej blisko trzydzie\u015bci uchwa\u0142 oraz g\u0142osowali\u015bmy nad wotum zaufania i absolutorium dla burmistrza. <\/p>\n","protected":false},"author":3,"featured_media":10103477,"comment_status":"open","ping_status":"open","sticky":false,"template":"","format":"standard","meta":{"_acf_changed":false,"footnotes":""},"categories":[43],"tags":[],"class_list":["post-10103476","post","type-post","status-publish","format-standard","has-post-thumbnail","hentry","category-aktualnosci"],"acf":[],"_links":{"self":[{"href":"https:\/\/www.projektwrzesnia.pl\/wordpress\/wp-json\/wp\/v2\/posts\/10103476","targetHints":{"allow":["GET"]}}],"collection":[{"href":"https:\/\/www.projektwrzesnia.pl\/wordpress\/wp-json\/wp\/v2\/posts"}],"about":[{"href":"https:\/\/www.projektwrzesnia.pl\/wordpress\/wp-json\/wp\/v2\/types\/post"}],"author":[{"embeddable":true,"href":"https:\/\/www.projektwrzesnia.pl\/wordpress\/wp-json\/wp\/v2\/users\/3"}],"replies":[{"embeddable":true,"href":"https:\/\/www.projektwrzesnia.pl\/wordpress\/wp-json\/wp\/v2\/comments?post=10103476"}],"version-history":[{"count":1,"href":"https:\/\/www.projektwrzesnia.pl\/wordpress\/wp-json\/wp\/v2\/posts\/10103476\/revisions"}],"predecessor-version":[{"id":10103478,"href":"https:\/\/www.projektwrzesnia.pl\/wordpress\/wp-json\/wp\/v2\/posts\/10103476\/revisions\/10103478"}],"wp:featuredmedia":[{"embeddable":true,"href":"https:\/\/www.projektwrzesnia.pl\/wordpress\/wp-json\/wp\/v2\/media\/10103477"}],"wp:attachment":[{"href":"https:\/\/www.projektwrzesnia.pl\/wordpress\/wp-json\/wp\/v2\/media?parent=10103476"}],"wp:term":[{"taxonomy":"category","embeddable":true,"href":"https:\/\/www.projektwrzesnia.pl\/wordpress\/wp-json\/wp\/v2\/categories?post=10103476"},{"taxonomy":"post_tag","embeddable":true,"href":"https:\/\/www.projektwrzesnia.pl\/wordpress\/wp-json\/wp\/v2\/tags?post=10103476"}],"curies":[{"name":"wp","href":"https:\/\/api.w.org\/{rel}","templated":true}]}}