{"id":10103480,"date":"2025-07-23T16:46:40","date_gmt":"2025-07-23T15:46:40","guid":{"rendered":"https:\/\/www.projektwrzesnia.pl\/wordpress\/?p=10103480"},"modified":"2025-07-23T16:46:41","modified_gmt":"2025-07-23T15:46:41","slug":"sciezka-rowerowa-z-gonic-do-wolki-2","status":"publish","type":"post","link":"https:\/\/www.projektwrzesnia.pl\/wordpress\/10103480\/","title":{"rendered":"\u015acie\u017cka rowerowa z Gonic do W\u00f3lki"},"content":{"rendered":"\n<p>\u015acie\u017cka rowerowa z Gonic do W\u00f3lki jest na etapie uzyskiwania pozwole\u0144. Tak\u0105 informacj\u0119 otrzymali\u015bmy od Generalnej Dyrekcji Dr\u00f3g Krajowych i Autostrad.<\/p>\n\n\n\n<p>Inwestycja zak\u0142ada budow\u0119 \u015bcie\u017cki pieszo-rowerowej z betonu asfaltowego o szeroko\u015bci 2,5 &#8211; 3,0 metr\u00f3w, w tym budow\u0119 k\u0142adki w ci\u0105gu \u015bcie\u017cki nad rzek\u0105 Strug\u0105 (Baw\u00f3\u0142) w Stawie. \u015acie\u017cka b\u0119dzie przebiega\u0107 od Gonic po prawej stronie drogi krajowej, a\u017c do wiaduktu \u2013 tam \u015bcie\u017cka b\u0119dzie wiod\u0142a wzd\u0142u\u017c tor\u00f3w kolejowych do przejazdu kolejowego na drodze gminnej w W\u00f3lce.<\/p>\n\n\n\n<p>Obecnie trwa uzyskiwanie decyzji zezwolenia na realizacj\u0119 inwestycji drogowej dla odcinka wzd\u0142u\u017c drogi krajowej nr 92. Z kolei dla odcinka wzd\u0142u\u017c tor\u00f3w jest pozyskiwane pozwolenie na budow\u0119.<\/p>\n","protected":false},"excerpt":{"rendered":"<p>\u015acie\u017cka rowerowa z Gonic do W\u00f3lki jest na etapie uzyskiwania pozwole\u0144. Tak\u0105 informacj\u0119 otrzymali\u015bmy od Generalnej Dyrekcji Dr\u00f3g Krajowych i Autostrad.<\/p>\n","protected":false},"author":3,"featured_media":10103481,"comment_status":"open","ping_status":"open","sticky":false,"template":"","format":"standard","meta":{"_acf_changed":false,"footnotes":""},"categories":[43],"tags":[],"class_list":["post-10103480","post","type-post","status-publish","format-standard","has-post-thumbnail","hentry","category-aktualnosci"],"acf":[],"_links":{"self":[{"href":"https:\/\/www.projektwrzesnia.pl\/wordpress\/wp-json\/wp\/v2\/posts\/10103480","targetHints":{"allow":["GET"]}}],"collection":[{"href":"https:\/\/www.projektwrzesnia.pl\/wordpress\/wp-json\/wp\/v2\/posts"}],"about":[{"href":"https:\/\/www.projektwrzesnia.pl\/wordpress\/wp-json\/wp\/v2\/types\/post"}],"author":[{"embeddable":true,"href":"https:\/\/www.projektwrzesnia.pl\/wordpress\/wp-json\/wp\/v2\/users\/3"}],"replies":[{"embeddable":true,"href":"https:\/\/www.projektwrzesnia.pl\/wordpress\/wp-json\/wp\/v2\/comments?post=10103480"}],"version-history":[{"count":1,"href":"https:\/\/www.projektwrzesnia.pl\/wordpress\/wp-json\/wp\/v2\/posts\/10103480\/revisions"}],"predecessor-version":[{"id":10103482,"href":"https:\/\/www.projektwrzesnia.pl\/wordpress\/wp-json\/wp\/v2\/posts\/10103480\/revisions\/10103482"}],"wp:featuredmedia":[{"embeddable":true,"href":"https:\/\/www.projektwrzesnia.pl\/wordpress\/wp-json\/wp\/v2\/media\/10103481"}],"wp:attachment":[{"href":"https:\/\/www.projektwrzesnia.pl\/wordpress\/wp-json\/wp\/v2\/media?parent=10103480"}],"wp:term":[{"taxonomy":"category","embeddable":true,"href":"https:\/\/www.projektwrzesnia.pl\/wordpress\/wp-json\/wp\/v2\/categories?post=10103480"},{"taxonomy":"post_tag","embeddable":true,"href":"https:\/\/www.projektwrzesnia.pl\/wordpress\/wp-json\/wp\/v2\/tags?post=10103480"}],"curies":[{"name":"wp","href":"https:\/\/api.w.org\/{rel}","templated":true}]}}