{"id":10103483,"date":"2025-07-30T19:39:52","date_gmt":"2025-07-30T18:39:52","guid":{"rendered":"https:\/\/www.projektwrzesnia.pl\/wordpress\/?p=10103483"},"modified":"2025-07-30T19:39:53","modified_gmt":"2025-07-30T18:39:53","slug":"ulica-kolejowa-w-marzeninie-2","status":"publish","type":"post","link":"https:\/\/www.projektwrzesnia.pl\/wordpress\/10103483\/","title":{"rendered":"Ulica Kolejowa w Marzeninie"},"content":{"rendered":"\n<p>Od kilku lat toczy si\u0119 sprawa uregulowania stanu prawnego ulicy Kolejowej w Marzeninie.<\/p>\n\n\n\n<p>PKP oczekuje, \u017ce Gmina Wrze\u015bnia wybuduje barier\u0119 energoch\u0142onn\u0105 b\u0105d\u017a inne zabezpieczenie drogi od czynnej linii kolejowej. <\/p>\n\n\n\n<p>Wyst\u0105pili\u015bmy do PKP z wnioskiem o z\u0142agodzenie swoich wymaga\u0144, a do Gminy Wrze\u015bnia z pro\u015bb\u0105 o przemy\u015blenie alternatywnych rozwi\u0105za\u0144 (ogrodzenie ochronne, bariery betonowe, s\u0142upki odblaskowe). Na razie obie strony stoj\u0105 na swoich stanowiskach. Mamy jednak nadziej\u0119, \u017ce Gmina Wrze\u015bnia wreszcie rozwi\u0105\u017c\u0119 t\u0119 spraw\u0119 i do tego namawiamy wrzesi\u0144ski ratusz.<\/p>\n","protected":false},"excerpt":{"rendered":"<p>Od kilku lat toczy si\u0119 sprawa uregulowania stanu prawnego ulicy Kolejowej w Marzeninie. Mamy jednak nadziej\u0119, \u017ce Gmina Wrze\u015bnia wreszcie rozwi\u0105\u017c\u0119 t\u0119 spraw\u0119 i do tego namawiamy wrzesi\u0144ski ratusz.<\/p>\n","protected":false},"author":3,"featured_media":10103484,"comment_status":"open","ping_status":"open","sticky":false,"template":"","format":"standard","meta":{"_acf_changed":false,"footnotes":""},"categories":[43],"tags":[],"class_list":["post-10103483","post","type-post","status-publish","format-standard","has-post-thumbnail","hentry","category-aktualnosci"],"acf":[],"_links":{"self":[{"href":"https:\/\/www.projektwrzesnia.pl\/wordpress\/wp-json\/wp\/v2\/posts\/10103483","targetHints":{"allow":["GET"]}}],"collection":[{"href":"https:\/\/www.projektwrzesnia.pl\/wordpress\/wp-json\/wp\/v2\/posts"}],"about":[{"href":"https:\/\/www.projektwrzesnia.pl\/wordpress\/wp-json\/wp\/v2\/types\/post"}],"author":[{"embeddable":true,"href":"https:\/\/www.projektwrzesnia.pl\/wordpress\/wp-json\/wp\/v2\/users\/3"}],"replies":[{"embeddable":true,"href":"https:\/\/www.projektwrzesnia.pl\/wordpress\/wp-json\/wp\/v2\/comments?post=10103483"}],"version-history":[{"count":1,"href":"https:\/\/www.projektwrzesnia.pl\/wordpress\/wp-json\/wp\/v2\/posts\/10103483\/revisions"}],"predecessor-version":[{"id":10103485,"href":"https:\/\/www.projektwrzesnia.pl\/wordpress\/wp-json\/wp\/v2\/posts\/10103483\/revisions\/10103485"}],"wp:featuredmedia":[{"embeddable":true,"href":"https:\/\/www.projektwrzesnia.pl\/wordpress\/wp-json\/wp\/v2\/media\/10103484"}],"wp:attachment":[{"href":"https:\/\/www.projektwrzesnia.pl\/wordpress\/wp-json\/wp\/v2\/media?parent=10103483"}],"wp:term":[{"taxonomy":"category","embeddable":true,"href":"https:\/\/www.projektwrzesnia.pl\/wordpress\/wp-json\/wp\/v2\/categories?post=10103483"},{"taxonomy":"post_tag","embeddable":true,"href":"https:\/\/www.projektwrzesnia.pl\/wordpress\/wp-json\/wp\/v2\/tags?post=10103483"}],"curies":[{"name":"wp","href":"https:\/\/api.w.org\/{rel}","templated":true}]}}