{"id":10103547,"date":"2025-10-06T06:46:00","date_gmt":"2025-10-06T05:46:00","guid":{"rendered":"https:\/\/www.projektwrzesnia.pl\/wordpress\/?p=10103547"},"modified":"2025-10-07T06:46:56","modified_gmt":"2025-10-07T05:46:56","slug":"propozycje-do-budzetu-gminnego-na-2026-rok","status":"publish","type":"post","link":"https:\/\/www.projektwrzesnia.pl\/wordpress\/10103547\/","title":{"rendered":"Propozycje do bud\u017cetu gminnego na 2026 rok"},"content":{"rendered":"\n<p>Z\u0142o\u017cyli\u015bmy wniosek do bud\u017cetu Gminy Wrze\u015bnia na 2026 rok. Chcemy, by nasza gmina rozwija\u0142a si\u0119 jeszcze szybciej.<\/p>\n\n\n\n<p>Oto nasze propozycje:<\/p>\n\n\n\n<p>1. Komunikacja publiczna dla ca\u0142ej gminy &nbsp;\u2013 trzeba zapewni\u0107 mieszka\u0144com dojazdy do pracy i szko\u0142y.<\/p>\n\n\n\n<p>2. Zintegrowane centrum przesiadkowe \u2013 lepsze po\u0142\u0105czenia kolejowe i autobusowe.<\/p>\n\n\n\n<p>3. Budowa dr\u00f3g na osiedlu Owocowej &nbsp;\u2013 trzeba kontynuowa\u0107 rozw\u00f3j infrastruktury na tym osiedlu.<\/p>\n\n\n\n<p>4. Chodnik w Bierzglinie \u2013 poprawa bezpiecze\u0144stwa pieszych.<\/p>\n\n\n\n<p>5. Nowe \u015bcie\u017cki rowerowe \u2013 bezpieczne trasy, tak\u017ce do Gniezna.<\/p>\n\n\n\n<p>6. Remont drogi w Broniszewie &nbsp;\u2013 czas na now\u0105, r\u00f3wn\u0105 nawierzchni\u0119.<\/p>\n\n\n\n<p>7. Rewitalizacja Ogrodu Bractwa Kurkowego &nbsp;\u2013 odn\u00f3wmy historyczne miejsce, kt\u00f3re ma ju\u017c 100 lat.<\/p>\n\n\n\n<p>8. Wiaty rowerowe przy szko\u0142ach &nbsp;\u2013 bezpieczne miejsca na rowery dla uczni\u00f3w.<\/p>\n\n\n\n<p>9. Nowa siedziba OSP Wrze\u015bnia \u2013 lepsze warunki dla naszych druh\u00f3w i druhen.<\/p>\n\n\n\n<p>10. Nowe targowisko miejskie &nbsp;\u2013 zadaszone i nowoczesne, na miar\u0119 XXI wieku.<\/p>\n\n\n\n<p>11. Pomoc psychologiczna w szko\u0142ach \u2013 wsparcie dla uczni\u00f3w i nauczycieli.<\/p>\n\n\n\n<p>12. Wi\u0119ksze dofinansowanie wymiany piec\u00f3w &nbsp;\u2013 mniej smogu, czystsze powietrze dla wszystkich.<\/p>\n\n\n\n<p>13. Nowe centrum sportu &nbsp;\u2013 wi\u0119cej przestrzeni do aktywno\u015bci i rekreacji.<\/p>\n\n\n\n<p>14. Nowoczesny skatepark \u2013 bezpieczne miejsce dla m\u0142odych pasjonat\u00f3w.<\/p>\n\n\n\n<p>15. Rewitalizacja toru \u201eMa\u0142pi Gaj\u201d \u2013 lepsze warunki dla rowerzyst\u00f3w i sportowc\u00f3w.<\/p>\n\n\n\n<p>16. Zadaszone lodowisko \u2013 d\u0142u\u017cszy sezon zimowych atrakcji!<\/p>\n\n\n\n<p>17. Nowe parki i skwery \u2013 wi\u0119cej zieleni i przestrzeni do odpoczynku.<\/p>\n\n\n\n<p>18. Fontanna na rynku &nbsp;\u2013 powr\u00f3t klimatu starej Wrze\u015bni!<\/p>\n\n\n\n<p>19. Powr\u00f3t bud\u017cetu obywatelskiego \u2013 mieszka\u0144cy zn\u00f3w zdecyduj\u0105, na co id\u0105 \u015brodki.<\/p>\n\n\n\n<p>20. Kamienica kultury \u2013 nowe miejsce dla wydarze\u0144 i spotka\u0144 artystycznych.<\/p>\n\n\n\n<p>21. Wsparcie Muzeum Regionalnego im. Dzieci Wrzesi\u0144skich \u2013 nowoczesne wystawy i wi\u0119ksza atrakcyjno\u015b\u0107.<\/p>\n\n\n\n<p>22. Stypendia kulturalne \u2013 wsparcie dla lokalnych artyst\u00f3w i tw\u00f3rc\u00f3w.<\/p>\n\n\n\n<p>23. Darmowa sterylizacja ps\u00f3w i kot\u00f3w \u2013 mniej bezdomnych zwierz\u0105t i wi\u0119cej odpowiedzialno\u015bci.<\/p>\n\n\n\n<p>24. Wsparcie wykopalisk w Grzybowie &nbsp;\u2013 to mi\u0119dzy innymi tutaj tworzy\u0142o si\u0119 pa\u0144stwo polskie.<\/p>\n\n\n\n<p>R\u00f3wnocze\u015bnie wskazali\u015bmy, \u017ce w przypadku gdyby powy\u017csze propozycje nie uzyska\u0142y poparcia, nale\u017cy rozwa\u017cy\u0107 inne propozycje i wnioski stowarzyszenia Projekt Wrze\u015bnia, kt\u00f3re na bie\u017c\u0105co s\u0105 sk\u0142adane w Urz\u0119dzie Miasta i Gminy Wrze\u015bnia.<\/p>\n","protected":false},"excerpt":{"rendered":"<p>Z\u0142o\u017cyli\u015bmy wniosek do bud\u017cetu Gminy Wrze\u015bnia na 2026 rok. Chcemy, by nasza gmina rozwija\u0142a si\u0119 jeszcze szybciej.<\/p>\n","protected":false},"author":3,"featured_media":10103548,"comment_status":"open","ping_status":"open","sticky":false,"template":"","format":"standard","meta":{"_acf_changed":false,"footnotes":""},"categories":[43],"tags":[],"class_list":["post-10103547","post","type-post","status-publish","format-standard","has-post-thumbnail","hentry","category-aktualnosci"],"acf":[],"_links":{"self":[{"href":"https:\/\/www.projektwrzesnia.pl\/wordpress\/wp-json\/wp\/v2\/posts\/10103547","targetHints":{"allow":["GET"]}}],"collection":[{"href":"https:\/\/www.projektwrzesnia.pl\/wordpress\/wp-json\/wp\/v2\/posts"}],"about":[{"href":"https:\/\/www.projektwrzesnia.pl\/wordpress\/wp-json\/wp\/v2\/types\/post"}],"author":[{"embeddable":true,"href":"https:\/\/www.projektwrzesnia.pl\/wordpress\/wp-json\/wp\/v2\/users\/3"}],"replies":[{"embeddable":true,"href":"https:\/\/www.projektwrzesnia.pl\/wordpress\/wp-json\/wp\/v2\/comments?post=10103547"}],"version-history":[{"count":1,"href":"https:\/\/www.projektwrzesnia.pl\/wordpress\/wp-json\/wp\/v2\/posts\/10103547\/revisions"}],"predecessor-version":[{"id":10103549,"href":"https:\/\/www.projektwrzesnia.pl\/wordpress\/wp-json\/wp\/v2\/posts\/10103547\/revisions\/10103549"}],"wp:featuredmedia":[{"embeddable":true,"href":"https:\/\/www.projektwrzesnia.pl\/wordpress\/wp-json\/wp\/v2\/media\/10103548"}],"wp:attachment":[{"href":"https:\/\/www.projektwrzesnia.pl\/wordpress\/wp-json\/wp\/v2\/media?parent=10103547"}],"wp:term":[{"taxonomy":"category","embeddable":true,"href":"https:\/\/www.projektwrzesnia.pl\/wordpress\/wp-json\/wp\/v2\/categories?post=10103547"},{"taxonomy":"post_tag","embeddable":true,"href":"https:\/\/www.projektwrzesnia.pl\/wordpress\/wp-json\/wp\/v2\/tags?post=10103547"}],"curies":[{"name":"wp","href":"https:\/\/api.w.org\/{rel}","templated":true}]}}