{"id":10103583,"date":"2026-04-26T16:50:52","date_gmt":"2026-04-26T15:50:52","guid":{"rendered":"https:\/\/www.projektwrzesnia.pl\/wordpress\/?p=10103583"},"modified":"2026-04-26T16:50:52","modified_gmt":"2026-04-26T15:50:52","slug":"audyt-wycinek-i-nasadzen-drzew-za-2025-rok","status":"publish","type":"post","link":"https:\/\/www.projektwrzesnia.pl\/wordpress\/10103583\/","title":{"rendered":"Audyt wycinek i nasadze\u0144 drzew za 2025 rok"},"content":{"rendered":"\n<p>Drzewa nie tylko upi\u0119kszaj\u0105 otaczaj\u0105c\u0105 nas przestrze\u0144, ale przede wszystkim odgrywaj\u0105 kluczow\u0105 rol\u0119 w funkcjonowaniu ca\u0142ego ekosystemu. Dlatego tak istotne jest ich ochrona i odpowiedzialne gospodarowanie tym zasobem. Z tego wzgl\u0119du przyjrzeli\u015bmy si\u0119, jak wygl\u0105da\u0142y nasadzenia oraz wycinki na terenie gminy Wrze\u015bnia.<\/p>\n\n\n\n<p><strong>Jak by\u0142o w 2025 roku?<\/strong><\/p>\n\n\n\n<p>W 2025 roku gmina Wrze\u015bnia wyda\u0142a zgod\u0119 na wycink\u0119 348 drzew, a z kolei starostwo powiatowe wyda\u0142o zgod\u0119 na wycink\u0119 163 drzew na terenie gminy Wrze\u015bnia. \u0141\u0105cznie daje to liczb\u0119 511 drzew.<\/p>\n\n\n\n<p>Je\u015bli chodzi o nasadzenia to w 2025 roku gmina Wrze\u015bnia posadzi\u0142a 667 drzew, a starostwo powiatowe 48 drzew. \u0141\u0105cznie daje to liczb\u0119 715 nowych drzew na terenie gminy Wrze\u015bnia.<\/p>\n\n\n\n<p>W por\u00f3wnaniu z poprzednim rokiem wzros\u0142a zatem og\u00f3lna liczba wydawanych zg\u00f3d na wycink\u0119 (kolejny rok z rz\u0119du), a liczba nasadze\u0144 nowych drzew niestety spad\u0142a.<\/p>\n\n\n\n<p><strong>A jak by\u0142o w latach poprzednich?<\/strong><\/p>\n\n\n\n<p>W 2020 roku gmina Wrze\u015bnia wyda\u0142a zgod\u0119 na wycink\u0119 237 drzew, a z kolei starostwo powiatowe wyda\u0142o zgod\u0119 na wycink\u0119 180 drzew na terenie gminy Wrze\u015bnia. \u0141\u0105cznie daje to liczb\u0119 417 drzew.<\/p>\n\n\n\n<p>W 2021 Gmina Wrze\u015bnia wyda\u0142a zgod\u0119 na wycink\u0119 a\u017c 347 drzew, do czego nale\u017cy doda\u0107 253 drzew z terenu naszej gminy, na kt\u00f3rych wycink\u0119 zgodzi\u0142o si\u0119 starostwo powiatowe. \u0141\u0105cznie daje to nam 600 drzew.<\/p>\n\n\n\n<p>W 2022 roku gmina Wrze\u015bnia wyda\u0142 ju\u017c zgod\u0119 na wycink\u0119 116 drzew. Z kolei starostwo powiatowe zgodzi\u0142o si\u0119 na wycink\u0119 97 drzew na terenie gminy Wrze\u015bnia. W 2022 roku wydano wi\u0119c zgod\u0119 na wyci\u0119cie 213 drzew.<\/p>\n\n\n\n<p>W 2023 roku gmina Wrze\u015bnia wyda\u0142a zgod\u0119 na wycink\u0119 171 drzew, a z kolei starostwo powiatowe wyda\u0142o zgod\u0119 na wycink\u0119 198 drzew na terenie gminy Wrze\u015bnia. \u0141\u0105cznie daje to liczb\u0119 369 drzew.<\/p>\n\n\n\n<p>W 2024 roku gmina Wrze\u015bnia wyda\u0142a zgod\u0119 na wycink\u0119 268 drzew, a z kolei starostwo powiatowe wyda\u0142o zgod\u0119 na wycink\u0119 235 drzew na terenie gminy Wrze\u015bnia. \u0141\u0105cznie daje to liczb\u0119 503 drzew.<\/p>\n\n\n\n<p><strong>Co z nasadzeniami?<\/strong><\/p>\n\n\n\n<p>Je\u015bli chodzi o nasadzenia to w 2020 roku gmina Wrze\u015bnia posadzi\u0142a 573 drzew, a starostwo powiatowe 219 drzew. \u0141\u0105cznie daje to liczb\u0119 792 nowych drzew na terenie gminy Wrze\u015bnia.<\/p>\n\n\n\n<p>W 2021 roku gmina Wrze\u015bnia posadzi\u0142a 789 drzew, a starostwo powiatowe 255 drzew. \u0141\u0105cznie daje to liczb\u0119 1044 nowych drzew na terenie gminy Wrze\u015bnia.<\/p>\n\n\n\n<p>W 2022 roku gmina Wrze\u015bnia posadzi\u0142a 669 drzew, a starostwo powiatowe 74 drzew. \u0141\u0105cznie daje to liczb\u0119 743 nowych drzew na terenie gminy Wrze\u015bnia.<\/p>\n\n\n\n<p>W 2023 roku gmina Wrze\u015bnia posadzi\u0142a 570 drzew, a starostwo powiatowe 47 drzew. \u0141\u0105cznie daje to liczb\u0119 617 nowych drzew na terenie gminy Wrze\u015bnia.<\/p>\n\n\n\n<p>W 2024 roku gmina Wrze\u015bnia posadzi\u0142a 1637 drzew, a starostwo powiatowe 80 drzew. \u0141\u0105cznie daje to liczb\u0119 1717 nowych drzew na terenie gminy Wrze\u015bnia.<\/p>\n\n\n\n<p><strong>Co jeszcze warto wiedzie\u0107?<\/strong><\/p>\n\n\n\n<p>Trzeba r\u00f3wnie\u017c wiedzie\u0107, \u017ce zgody na wycink\u0119 wydaj\u0105 jeszcze inne organy (na przyk\u0142ad Wielkopolski Wojew\u00f3dzki Konserwator Zabytk\u00f3w), a poza tym cz\u0119\u015b\u0107 drzew jest wycinana bez zgody lub zwyczajnie przegrywaj\u0105 z \u017cywio\u0142em (burze, susze). W konsekwencji ca\u0142o\u015bciowy obraz mo\u017ce nie napawa\u0107 optymizmem. Bez zwi\u0119kszenia nasadze\u0144 drzew i ograniczenia wycinki du\u017cych, wieloletnich drzew nie b\u0119dziemy w stanie skutecznie ochroni\u0107 naszego \u015brodowiska i systematycznie odnawia\u0107 zasob\u00f3w naturalnych. Nie warto czeka\u0107, trzeba sadzi\u0107 drzewa!<\/p>\n\n\n\n<p>Wcze\u015bniej pisali\u015bmy na ten temat tutaj:<\/p>\n\n\n\n<p><blockquote class=\"wp-embedded-content\" data-secret=\"IYhOljhrrZ\"><a href=\"https:\/\/www.projektwrzesnia.pl\/wordpress\/10103382\/\">Audyt wycinek drzew za 2024 rok<\/a><\/blockquote><iframe loading=\"lazy\" class=\"wp-embedded-content\" sandbox=\"allow-scripts\" security=\"restricted\" style=\"position: absolute; visibility: hidden;\" title=\"&#8222;Audyt wycinek drzew za 2024 rok&#8221; &#8212; Projekt Wrze\u015bnia\" src=\"https:\/\/www.projektwrzesnia.pl\/wordpress\/10103382\/embed\/#?secret=HEpUnqDK83#?secret=IYhOljhrrZ\" data-secret=\"IYhOljhrrZ\" width=\"500\" height=\"282\" frameborder=\"0\" marginwidth=\"0\" marginheight=\"0\" scrolling=\"no\"><\/iframe><\/p>\n\n\n\n<figure class=\"wp-block-image size-large\"><img loading=\"lazy\" decoding=\"async\" width=\"1024\" height=\"273\" src=\"https:\/\/www.projektwrzesnia.pl\/wordpress\/wp-content\/uploads\/2026\/04\/2026_04_26_tabela-1024x273.jpg\" alt=\"\" class=\"wp-image-10103585\" srcset=\"https:\/\/www.projektwrzesnia.pl\/wordpress\/wp-content\/uploads\/2026\/04\/2026_04_26_tabela-1024x273.jpg 1024w, https:\/\/www.projektwrzesnia.pl\/wordpress\/wp-content\/uploads\/2026\/04\/2026_04_26_tabela-300x80.jpg 300w, https:\/\/www.projektwrzesnia.pl\/wordpress\/wp-content\/uploads\/2026\/04\/2026_04_26_tabela-768x205.jpg 768w, https:\/\/www.projektwrzesnia.pl\/wordpress\/wp-content\/uploads\/2026\/04\/2026_04_26_tabela.jpg 1407w\" sizes=\"auto, (max-width: 1024px) 100vw, 1024px\" \/><\/figure>\n","protected":false},"excerpt":{"rendered":"<p>Sprawdzili\u015bmy jak wygl\u0105da\u0142a kwestia wycinek i nasadze\u0144 drzew w 2025 roku na terenie gminy Wrze\u015bnia.<\/p>\n","protected":false},"author":3,"featured_media":10103584,"comment_status":"open","ping_status":"open","sticky":false,"template":"","format":"standard","meta":{"_acf_changed":false,"footnotes":""},"categories":[43],"tags":[],"class_list":["post-10103583","post","type-post","status-publish","format-standard","has-post-thumbnail","hentry","category-aktualnosci"],"acf":[],"_links":{"self":[{"href":"https:\/\/www.projektwrzesnia.pl\/wordpress\/wp-json\/wp\/v2\/posts\/10103583","targetHints":{"allow":["GET"]}}],"collection":[{"href":"https:\/\/www.projektwrzesnia.pl\/wordpress\/wp-json\/wp\/v2\/posts"}],"about":[{"href":"https:\/\/www.projektwrzesnia.pl\/wordpress\/wp-json\/wp\/v2\/types\/post"}],"author":[{"embeddable":true,"href":"https:\/\/www.projektwrzesnia.pl\/wordpress\/wp-json\/wp\/v2\/users\/3"}],"replies":[{"embeddable":true,"href":"https:\/\/www.projektwrzesnia.pl\/wordpress\/wp-json\/wp\/v2\/comments?post=10103583"}],"version-history":[{"count":1,"href":"https:\/\/www.projektwrzesnia.pl\/wordpress\/wp-json\/wp\/v2\/posts\/10103583\/revisions"}],"predecessor-version":[{"id":10103586,"href":"https:\/\/www.projektwrzesnia.pl\/wordpress\/wp-json\/wp\/v2\/posts\/10103583\/revisions\/10103586"}],"wp:featuredmedia":[{"embeddable":true,"href":"https:\/\/www.projektwrzesnia.pl\/wordpress\/wp-json\/wp\/v2\/media\/10103584"}],"wp:attachment":[{"href":"https:\/\/www.projektwrzesnia.pl\/wordpress\/wp-json\/wp\/v2\/media?parent=10103583"}],"wp:term":[{"taxonomy":"category","embeddable":true,"href":"https:\/\/www.projektwrzesnia.pl\/wordpress\/wp-json\/wp\/v2\/categories?post=10103583"},{"taxonomy":"post_tag","embeddable":true,"href":"https:\/\/www.projektwrzesnia.pl\/wordpress\/wp-json\/wp\/v2\/tags?post=10103583"}],"curies":[{"name":"wp","href":"https:\/\/api.w.org\/{rel}","templated":true}]}}