{"id":10103664,"date":"2026-08-30T09:16:18","date_gmt":"2026-08-30T08:16:18","guid":{"rendered":"https:\/\/www.projektwrzesnia.pl\/wordpress\/?p=10103664"},"modified":"2026-08-30T09:59:24","modified_gmt":"2026-08-30T08:59:24","slug":"ix-raj-rowerowy-dolina-wrzesnicy-za-nami","status":"publish","type":"post","link":"https:\/\/www.projektwrzesnia.pl\/wordpress\/10103664\/","title":{"rendered":"IX Rajd Rowerowy Dolin\u0105 Wrze\u015bnicy za nami!"},"content":{"rendered":"\n<p>Dziewi\u0105ty Rajd Dolin\u0105 Wrze\u015bnicy ju\u017c za nami! By\u0142o fantastycznie i co najwa\u017cniejsze nie pada\u0142o!<\/p>\n\n\n\n<p>Punktualnie o 10:00 wyruszyli\u015bmy z parkingu przy Czardaszu i ruszyli\u015bmy w tras\u0119 przez Nowy Folwark, Zasutowo, Podstolice, Targow\u0105 G\u00f3rk\u0119.<\/p>\n\n\n\n<p>Po drodze kilkudziesi\u0119ciu uczestnik\u00f3w zmierzy\u0142o si\u0119 z quizami historycznym, przyrodniczym i drogowym! Pytania w tym roku by\u0142y wymagaj\u0105ce.<\/p>\n\n\n\n<p>Po drodze mogli\u015bmy podziwia\u0107 okoliczne lasy i zabytki, a na mecie w Folwark Bardo nagrod\u0105 za wysi\u0142ek by\u0142 piknik z pysznymi domowymi wypiekami, lokalnymi dro\u017cd\u017c\u00f3wkami i jab\u0142kami, \u2013 idealny spos\u00f3b, by nacieszy\u0107 si\u0119 wsp\u00f3lnym zako\u0144czeniem rajdu. Na zako\u0144czenie uczestnicy zwiedzili folwark i zabytkowy park.<\/p>\n\n\n\n<p>By\u0142o du\u017co u\u015bmiechu, rozm\u00f3w i dobrej energii \u2013 dok\u0142adnie tak, jak na naszych rajdach by\u0107 powinno!<\/p>\n\n\n\n<p>Dzi\u0119kujemy wszystkim uczestnikom za obecno\u015b\u0107 i wsp\u00f3ln\u0105 jazd\u0119. Ju\u017c teraz zapraszamy na kolejny rajd Dolin\u0105 Wrze\u015bnicy!<\/p>\n","protected":false},"excerpt":{"rendered":"<p>Dziewi\u0105ty Rajd Dolin\u0105 Wrze\u015bnicy ju\u017c za nami! By\u0142o fantastycznie i co najwa\u017cniejsze nie pada\u0142o!<\/p>\n","protected":false},"author":3,"featured_media":10103665,"comment_status":"open","ping_status":"open","sticky":false,"template":"","format":"standard","meta":{"_acf_changed":false,"footnotes":""},"categories":[43],"tags":[],"class_list":["post-10103664","post","type-post","status-publish","format-standard","has-post-thumbnail","hentry","category-aktualnosci"],"acf":[],"_links":{"self":[{"href":"https:\/\/www.projektwrzesnia.pl\/wordpress\/wp-json\/wp\/v2\/posts\/10103664","targetHints":{"allow":["GET"]}}],"collection":[{"href":"https:\/\/www.projektwrzesnia.pl\/wordpress\/wp-json\/wp\/v2\/posts"}],"about":[{"href":"https:\/\/www.projektwrzesnia.pl\/wordpress\/wp-json\/wp\/v2\/types\/post"}],"author":[{"embeddable":true,"href":"https:\/\/www.projektwrzesnia.pl\/wordpress\/wp-json\/wp\/v2\/users\/3"}],"replies":[{"embeddable":true,"href":"https:\/\/www.projektwrzesnia.pl\/wordpress\/wp-json\/wp\/v2\/comments?post=10103664"}],"version-history":[{"count":2,"href":"https:\/\/www.projektwrzesnia.pl\/wordpress\/wp-json\/wp\/v2\/posts\/10103664\/revisions"}],"predecessor-version":[{"id":10103667,"href":"https:\/\/www.projektwrzesnia.pl\/wordpress\/wp-json\/wp\/v2\/posts\/10103664\/revisions\/10103667"}],"wp:featuredmedia":[{"embeddable":true,"href":"https:\/\/www.projektwrzesnia.pl\/wordpress\/wp-json\/wp\/v2\/media\/10103665"}],"wp:attachment":[{"href":"https:\/\/www.projektwrzesnia.pl\/wordpress\/wp-json\/wp\/v2\/media?parent=10103664"}],"wp:term":[{"taxonomy":"category","embeddable":true,"href":"https:\/\/www.projektwrzesnia.pl\/wordpress\/wp-json\/wp\/v2\/categories?post=10103664"},{"taxonomy":"post_tag","embeddable":true,"href":"https:\/\/www.projektwrzesnia.pl\/wordpress\/wp-json\/wp\/v2\/tags?post=10103664"}],"curies":[{"name":"wp","href":"https:\/\/api.w.org\/{rel}","templated":true}]}}