{"id":10103674,"date":"2026-09-02T19:21:51","date_gmt":"2026-09-02T18:21:51","guid":{"rendered":"https:\/\/www.projektwrzesnia.pl\/wordpress\/?p=10103674"},"modified":"2026-09-02T19:21:53","modified_gmt":"2026-09-02T18:21:53","slug":"decyzja-wojewody-w-sprawie-dworca","status":"publish","type":"post","link":"https:\/\/www.projektwrzesnia.pl\/wordpress\/10103674\/","title":{"rendered":"Decyzja Wojewody w sprawie dworca"},"content":{"rendered":"\n<p>Procedura dotycz\u0105ca stworzenia dokumentacji remontu dworca kolejowego ruszy\u0142a ju\u017c kilka miesi\u0119cy temu. Dzisiaj Wojewoda Wielkopolski wyda\u0142 decyzj\u0119 o ustaleniu lokalizacji inwestycji celu publicznego pn.: Przebudowa budynku dworca PKP we Wrze\u015bni. Wydanie w tej sprawie decyzji jest niezb\u0119dne, aby uzyska\u0107 pozwolenie na budow\u0119. Spraw\u0119 monitorujemy i trzymamy r\u0119k\u0119 na pulsie.<\/p>\n","protected":false},"excerpt":{"rendered":"<p>Dzisiaj Wojewoda Wielkopolski wyda\u0142 decyzj\u0119 o ustaleniu lokalizacji inwestycji celu publicznego pn.: Przebudowa budynku dworca PKP we Wrze\u015bni. <\/p>\n","protected":false},"author":3,"featured_media":10103675,"comment_status":"open","ping_status":"open","sticky":false,"template":"","format":"standard","meta":{"_acf_changed":false,"footnotes":""},"categories":[43],"tags":[],"class_list":["post-10103674","post","type-post","status-publish","format-standard","has-post-thumbnail","hentry","category-aktualnosci"],"acf":[],"_links":{"self":[{"href":"https:\/\/www.projektwrzesnia.pl\/wordpress\/wp-json\/wp\/v2\/posts\/10103674","targetHints":{"allow":["GET"]}}],"collection":[{"href":"https:\/\/www.projektwrzesnia.pl\/wordpress\/wp-json\/wp\/v2\/posts"}],"about":[{"href":"https:\/\/www.projektwrzesnia.pl\/wordpress\/wp-json\/wp\/v2\/types\/post"}],"author":[{"embeddable":true,"href":"https:\/\/www.projektwrzesnia.pl\/wordpress\/wp-json\/wp\/v2\/users\/3"}],"replies":[{"embeddable":true,"href":"https:\/\/www.projektwrzesnia.pl\/wordpress\/wp-json\/wp\/v2\/comments?post=10103674"}],"version-history":[{"count":1,"href":"https:\/\/www.projektwrzesnia.pl\/wordpress\/wp-json\/wp\/v2\/posts\/10103674\/revisions"}],"predecessor-version":[{"id":10103676,"href":"https:\/\/www.projektwrzesnia.pl\/wordpress\/wp-json\/wp\/v2\/posts\/10103674\/revisions\/10103676"}],"wp:featuredmedia":[{"embeddable":true,"href":"https:\/\/www.projektwrzesnia.pl\/wordpress\/wp-json\/wp\/v2\/media\/10103675"}],"wp:attachment":[{"href":"https:\/\/www.projektwrzesnia.pl\/wordpress\/wp-json\/wp\/v2\/media?parent=10103674"}],"wp:term":[{"taxonomy":"category","embeddable":true,"href":"https:\/\/www.projektwrzesnia.pl\/wordpress\/wp-json\/wp\/v2\/categories?post=10103674"},{"taxonomy":"post_tag","embeddable":true,"href":"https:\/\/www.projektwrzesnia.pl\/wordpress\/wp-json\/wp\/v2\/tags?post=10103674"}],"curies":[{"name":"wp","href":"https:\/\/api.w.org\/{rel}","templated":true}]}}