{"id":122,"date":"2016-09-16T20:00:00","date_gmt":"2016-09-16T20:00:00","guid":{"rendered":"http:\/\/www.projektwrzesnia.pl\/wordpress\/122\/"},"modified":"2016-09-16T20:00:00","modified_gmt":"2016-09-16T20:00:00","slug":"male-rzeki","status":"publish","type":"post","link":"https:\/\/www.projektwrzesnia.pl\/wordpress\/122\/","title":{"rendered":"Ma\u0142e rzeki"},"content":{"rendered":"<p>&nbsp;<em>Jakub Banaszak<\/em><em>&nbsp;&#8211; cz\u0142onek Stowarzyszenia Projekt Wrze\u015bnia<\/em><\/p>\n<p>Zadbana trawa w&nbsp;ogrodzie s\u0105siada wygl\u0105da \u015bwietnie. \u017bywop\u0142ot rosn\u0105cy wzd\u0142u\u017c drogi prowadz\u0105cej do pracy r\u00f3wnie\u017c. \u0141\u0105ka nad Wrze\u015bnic\u0105 jest&nbsp;\u015bwietnym miejscem do wyprowadzania ps\u00f3w. S\u0105 takie twory jak \u0142\u0105ki, trawniki czy \u017cywop\u0142oty, kt\u00f3re s\u0105 dzie\u0142em cz\u0142owieka i&nbsp;bez niego by si\u0119 nie uchowa\u0142y. Nie w&nbsp;naturze. Musz\u0105 by\u0107 koszone i&nbsp;przycinane &ndash; w&nbsp;przeciwnym razie zwyczajnie zarosn\u0105.<br \/>Dlaczego zatem Wrze\u015bnica traktowana jest jak przydomowy ogr\u00f3dek? Rzeka jest miejscem \u017cycia owad\u00f3w, ryb, ma\u0142\u017cy, larw, ptak\u00f3w etc., w&nbsp;kt\u00f3rej szukaj\u0105 schronienia i&nbsp;kryj\u00f3wek &ndash; ujednolicanie rzeki dzia\u0142a na ich niekorzy\u015b\u0107.<br \/>Tutaj pojawia si\u0119 druga strona medalu &ndash; cz\u0142owiek (mieszkaniec Nowego Folwarku czy Gozdowa). Cz\u0142owiek ze&nbsp;swoj\u0105 rodzin\u0105 chce mieszka\u0107 bezpiecznie, z&nbsp;dala od wody zalewowej, czerpa\u0107 wod\u0119 ze&nbsp;studni, \u017ceby podlewa\u0107 trawnik. Wiadomo,\u017ce przyspieszanie rzeki (tak dzia\u0142a na ni\u0105 wykaszanie i&nbsp;&bdquo;czyszczenie&rdquo;) niesie za sob\u0105 obni\u017canie poziomu w\u00f3d gruntowych, co w&nbsp;dobie suszy jest w&nbsp;konsekwencjach g\u0142upie.<br \/>Mo\u017ce pozw\u00f3lmy rzekom \u017cy\u0107 swoim \u017cyciem, wylewa\u0107 si\u0119 na \u0142\u0105kach czy w&nbsp;lasach. Pomy\u015blmy.<\/p>\n<p>&nbsp;<\/p>\n<p><em>Pierwotnie felieton zosta\u0142 opublikowany w&nbsp;tygodniku &#8222;Wiadomo\u015bci Wrzesi\u0144skie&#8221; oraz na portalu <a href=\"http:\/\/www.wrzesnia.info.pl\" target=\"_blank\" rel=\"noopener\">www.wrzesnia.info.pl<\/a><\/em><\/p>\n","protected":false},"excerpt":{"rendered":"<p>&nbsp;Jakub Banaszak&nbsp;&#8211; cz\u0142onek Stowarzyszenia Projekt Wrze\u015bnia Zadbana trawa w&nbsp;ogrodzie s\u0105siada wygl\u0105da \u015bwietnie. \u017bywop\u0142ot rosn\u0105cy wzd\u0142u\u017c drogi prowadz\u0105cej do pracy r\u00f3wnie\u017c. \u0141\u0105ka nad Wrze\u015bnic\u0105 jest&nbsp;\u015bwietnym miejscem do wyprowadzania ps\u00f3w. S\u0105 takie twory jak \u0142\u0105ki, trawniki czy \u017cywop\u0142oty, kt\u00f3re s\u0105 dzie\u0142em cz\u0142owieka i&nbsp;bez niego by si\u0119 nie uchowa\u0142y. Nie w&nbsp;naturze. Musz\u0105 by\u0107 koszone i&nbsp;przycinane &ndash; w&nbsp;przeciwnym razie [&hellip;]<\/p>\n","protected":false},"author":1,"featured_media":10171,"comment_status":"open","ping_status":"open","sticky":false,"template":"","format":"standard","meta":{"_acf_changed":false,"footnotes":""},"categories":[41],"tags":[],"class_list":["post-122","post","type-post","status-publish","format-standard","has-post-thumbnail","hentry","category-41"],"acf":[],"_links":{"self":[{"href":"https:\/\/www.projektwrzesnia.pl\/wordpress\/wp-json\/wp\/v2\/posts\/122","targetHints":{"allow":["GET"]}}],"collection":[{"href":"https:\/\/www.projektwrzesnia.pl\/wordpress\/wp-json\/wp\/v2\/posts"}],"about":[{"href":"https:\/\/www.projektwrzesnia.pl\/wordpress\/wp-json\/wp\/v2\/types\/post"}],"author":[{"embeddable":true,"href":"https:\/\/www.projektwrzesnia.pl\/wordpress\/wp-json\/wp\/v2\/users\/1"}],"replies":[{"embeddable":true,"href":"https:\/\/www.projektwrzesnia.pl\/wordpress\/wp-json\/wp\/v2\/comments?post=122"}],"version-history":[{"count":0,"href":"https:\/\/www.projektwrzesnia.pl\/wordpress\/wp-json\/wp\/v2\/posts\/122\/revisions"}],"wp:featuredmedia":[{"embeddable":true,"href":"https:\/\/www.projektwrzesnia.pl\/wordpress\/wp-json\/wp\/v2\/media\/10171"}],"wp:attachment":[{"href":"https:\/\/www.projektwrzesnia.pl\/wordpress\/wp-json\/wp\/v2\/media?parent=122"}],"wp:term":[{"taxonomy":"category","embeddable":true,"href":"https:\/\/www.projektwrzesnia.pl\/wordpress\/wp-json\/wp\/v2\/categories?post=122"},{"taxonomy":"post_tag","embeddable":true,"href":"https:\/\/www.projektwrzesnia.pl\/wordpress\/wp-json\/wp\/v2\/tags?post=122"}],"curies":[{"name":"wp","href":"https:\/\/api.w.org\/{rel}","templated":true}]}}