{"id":149,"date":"2017-04-02T20:00:00","date_gmt":"2017-04-02T20:00:00","guid":{"rendered":"http:\/\/www.projektwrzesnia.pl\/wordpress\/149\/"},"modified":"2017-04-02T20:00:00","modified_gmt":"2017-04-02T20:00:00","slug":"smieciobranie-w-miloslawiu","status":"publish","type":"post","link":"https:\/\/www.projektwrzesnia.pl\/wordpress\/149\/","title":{"rendered":"\u015amieciobranie w\u00a0Mi\u0142os\u0142awiu"},"content":{"rendered":"<p>\u015amieciobrania organizowane s\u0105 ju\u017c od d\u0142u\u017cszego czasu na terenie gmin naszego powiatu. Po Nekli i&nbsp;Wrze\u015bni do dzia\u0142ania przy\u0142\u0105czy\u0142 si\u0119 Mi\u0142os\u0142aw, gdzie radni z&nbsp;klubu &bdquo;Razem dla Gminy Mi\u0142os\u0142aw&rdquo; zorganizowali 1 kwietnia pierwsz\u0105 tak\u0105 akcj\u0119.<\/p>\n<p>Przed przyst\u0105pieniem do prac mieli\u015bmy okazj\u0119 zobaczy\u0107 wn\u0119trze pa\u0142acu w&nbsp;Mi\u0142os\u0142awiu oraz wej\u015b\u0107 na wie\u017c\u0119, z&nbsp;kt\u00f3rej roztacza si\u0119 przepi\u0119kna panorama. Wsp\u00f3lnie z&nbsp;nami i&nbsp;radnymi \u015bmieci zbiera\u0142a r\u00f3wnie\u017c m\u0142odzie\u017c z&nbsp;Gimnazjum w&nbsp;Mi\u0142os\u0142awiu oraz w\u0119dkarze. Wysprz\u0105tali\u015bmy alejki znajduj\u0105ce si\u0119 w&nbsp;parku oraz teren dawnego cmentarza ewangelickiego. Po wykonanej pracy spotkali\u015bmy si\u0119&nbsp;przy ognisku z&nbsp;kie\u0142baskami. Czekamy na kolejne \u015bmieciobrania w&nbsp;Mi\u0142os\u0142awiu.<\/p>\n<p>O wydarzeniu mo\u017cna przeczyta\u0107 tak\u017ce na stronie <a href=\"http:\/\/wrzesnia.info.pl\/artykul\/zbierali-smieci-po-mieszkancach-bylo-ich-sporo\" target=\"_blank\" rel=\"noopener\">wrzesnia.info.pl<\/a>&nbsp;<\/p>\n<figure class=\"is-layout-flex wp-block-gallery-1 wp-block-gallery has-nested-images columns-default is-cropped\">\n<figure class=\"wp-block-image\"><img loading=\"lazy\" decoding=\"async\" width=\"1024\" height=\"683\" src=\"https:\/\/www.projektwrzesnia.pl\/wordpress\/wp-content\/uploads\/2023\/03\/20170402_smieciobranie_w_miloslawiu__11_.jpg\" alt=\"\" class=\"wp-image-101490\" srcset=\"https:\/\/www.projektwrzesnia.pl\/wordpress\/wp-content\/uploads\/2023\/03\/20170402_smieciobranie_w_miloslawiu__11_.jpg 1024w, https:\/\/www.projektwrzesnia.pl\/wordpress\/wp-content\/uploads\/2023\/03\/20170402_smieciobranie_w_miloslawiu__11_-300x200.jpg 300w, https:\/\/www.projektwrzesnia.pl\/wordpress\/wp-content\/uploads\/2023\/03\/20170402_smieciobranie_w_miloslawiu__11_-768x512.jpg 768w\" sizes=\"auto, (max-width: 1024px) 100vw, 1024px\" \/><\/figure>\n<figure class=\"wp-block-image\"><img loading=\"lazy\" decoding=\"async\" width=\"1024\" height=\"683\" src=\"https:\/\/www.projektwrzesnia.pl\/wordpress\/wp-content\/uploads\/2023\/03\/20170402_smieciobranie_w_miloslawiu__12_.jpg\" alt=\"\" class=\"wp-image-101491\" srcset=\"https:\/\/www.projektwrzesnia.pl\/wordpress\/wp-content\/uploads\/2023\/03\/20170402_smieciobranie_w_miloslawiu__12_.jpg 1024w, https:\/\/www.projektwrzesnia.pl\/wordpress\/wp-content\/uploads\/2023\/03\/20170402_smieciobranie_w_miloslawiu__12_-300x200.jpg 300w, https:\/\/www.projektwrzesnia.pl\/wordpress\/wp-content\/uploads\/2023\/03\/20170402_smieciobranie_w_miloslawiu__12_-768x512.jpg 768w\" sizes=\"auto, (max-width: 1024px) 100vw, 1024px\" \/><\/figure>\n<figure class=\"wp-block-image\"><img loading=\"lazy\" decoding=\"async\" width=\"1024\" height=\"768\" src=\"https:\/\/www.projektwrzesnia.pl\/wordpress\/wp-content\/uploads\/2023\/03\/20170402_smieciobranie_w_miloslawiu__13_.jpg\" alt=\"\" class=\"wp-image-101492\" srcset=\"https:\/\/www.projektwrzesnia.pl\/wordpress\/wp-content\/uploads\/2023\/03\/20170402_smieciobranie_w_miloslawiu__13_.jpg 1024w, https:\/\/www.projektwrzesnia.pl\/wordpress\/wp-content\/uploads\/2023\/03\/20170402_smieciobranie_w_miloslawiu__13_-300x225.jpg 300w, https:\/\/www.projektwrzesnia.pl\/wordpress\/wp-content\/uploads\/2023\/03\/20170402_smieciobranie_w_miloslawiu__13_-768x576.jpg 768w\" sizes=\"auto, (max-width: 1024px) 100vw, 1024px\" \/><\/figure>\n<figure class=\"wp-block-image\"><img loading=\"lazy\" decoding=\"async\" width=\"1024\" height=\"768\" src=\"https:\/\/www.projektwrzesnia.pl\/wordpress\/wp-content\/uploads\/2023\/03\/20170402_smieciobranie_w_miloslawiu__14_.jpg\" alt=\"\" class=\"wp-image-101493\" srcset=\"https:\/\/www.projektwrzesnia.pl\/wordpress\/wp-content\/uploads\/2023\/03\/20170402_smieciobranie_w_miloslawiu__14_.jpg 1024w, https:\/\/www.projektwrzesnia.pl\/wordpress\/wp-content\/uploads\/2023\/03\/20170402_smieciobranie_w_miloslawiu__14_-300x225.jpg 300w, https:\/\/www.projektwrzesnia.pl\/wordpress\/wp-content\/uploads\/2023\/03\/20170402_smieciobranie_w_miloslawiu__14_-768x576.jpg 768w\" sizes=\"auto, (max-width: 1024px) 100vw, 1024px\" \/><\/figure>\n<figure class=\"wp-block-image\"><img loading=\"lazy\" decoding=\"async\" width=\"1024\" height=\"768\" src=\"https:\/\/www.projektwrzesnia.pl\/wordpress\/wp-content\/uploads\/2023\/03\/20170402_smieciobranie_w_miloslawiu__15_.jpg\" alt=\"\" class=\"wp-image-101494\" srcset=\"https:\/\/www.projektwrzesnia.pl\/wordpress\/wp-content\/uploads\/2023\/03\/20170402_smieciobranie_w_miloslawiu__15_.jpg 1024w, https:\/\/www.projektwrzesnia.pl\/wordpress\/wp-content\/uploads\/2023\/03\/20170402_smieciobranie_w_miloslawiu__15_-300x225.jpg 300w, https:\/\/www.projektwrzesnia.pl\/wordpress\/wp-content\/uploads\/2023\/03\/20170402_smieciobranie_w_miloslawiu__15_-768x576.jpg 768w\" sizes=\"auto, (max-width: 1024px) 100vw, 1024px\" \/><\/figure>\n<figure class=\"wp-block-image\"><img loading=\"lazy\" decoding=\"async\" width=\"1024\" height=\"768\" src=\"https:\/\/www.projektwrzesnia.pl\/wordpress\/wp-content\/uploads\/2023\/03\/20170402_smieciobranie_w_miloslawiu__16_.jpg\" alt=\"\" class=\"wp-image-101495\" srcset=\"https:\/\/www.projektwrzesnia.pl\/wordpress\/wp-content\/uploads\/2023\/03\/20170402_smieciobranie_w_miloslawiu__16_.jpg 1024w, https:\/\/www.projektwrzesnia.pl\/wordpress\/wp-content\/uploads\/2023\/03\/20170402_smieciobranie_w_miloslawiu__16_-300x225.jpg 300w, https:\/\/www.projektwrzesnia.pl\/wordpress\/wp-content\/uploads\/2023\/03\/20170402_smieciobranie_w_miloslawiu__16_-768x576.jpg 768w\" sizes=\"auto, (max-width: 1024px) 100vw, 1024px\" \/><\/figure>\n<figure class=\"wp-block-image\"><img loading=\"lazy\" decoding=\"async\" width=\"1024\" height=\"768\" src=\"https:\/\/www.projektwrzesnia.pl\/wordpress\/wp-content\/uploads\/2023\/03\/20170402_smieciobranie_w_miloslawiu__17_.jpg\" alt=\"\" class=\"wp-image-101496\" srcset=\"https:\/\/www.projektwrzesnia.pl\/wordpress\/wp-content\/uploads\/2023\/03\/20170402_smieciobranie_w_miloslawiu__17_.jpg 1024w, https:\/\/www.projektwrzesnia.pl\/wordpress\/wp-content\/uploads\/2023\/03\/20170402_smieciobranie_w_miloslawiu__17_-300x225.jpg 300w, https:\/\/www.projektwrzesnia.pl\/wordpress\/wp-content\/uploads\/2023\/03\/20170402_smieciobranie_w_miloslawiu__17_-768x576.jpg 768w\" sizes=\"auto, (max-width: 1024px) 100vw, 1024px\" \/><\/figure>\n<figure class=\"wp-block-image\"><img loading=\"lazy\" decoding=\"async\" width=\"1024\" height=\"768\" src=\"https:\/\/www.projektwrzesnia.pl\/wordpress\/wp-content\/uploads\/2023\/03\/20170402_smieciobranie_w_miloslawiu__18_.jpg\" alt=\"\" class=\"wp-image-101497\" srcset=\"https:\/\/www.projektwrzesnia.pl\/wordpress\/wp-content\/uploads\/2023\/03\/20170402_smieciobranie_w_miloslawiu__18_.jpg 1024w, https:\/\/www.projektwrzesnia.pl\/wordpress\/wp-content\/uploads\/2023\/03\/20170402_smieciobranie_w_miloslawiu__18_-300x225.jpg 300w, https:\/\/www.projektwrzesnia.pl\/wordpress\/wp-content\/uploads\/2023\/03\/20170402_smieciobranie_w_miloslawiu__18_-768x576.jpg 768w\" sizes=\"auto, (max-width: 1024px) 100vw, 1024px\" \/><\/figure>\n<figure class=\"wp-block-image\"><img loading=\"lazy\" decoding=\"async\" width=\"1024\" height=\"768\" src=\"https:\/\/www.projektwrzesnia.pl\/wordpress\/wp-content\/uploads\/2023\/03\/20170402_smieciobranie_w_miloslawiu__19_.jpg\" alt=\"\" class=\"wp-image-101498\" srcset=\"https:\/\/www.projektwrzesnia.pl\/wordpress\/wp-content\/uploads\/2023\/03\/20170402_smieciobranie_w_miloslawiu__19_.jpg 1024w, https:\/\/www.projektwrzesnia.pl\/wordpress\/wp-content\/uploads\/2023\/03\/20170402_smieciobranie_w_miloslawiu__19_-300x225.jpg 300w, https:\/\/www.projektwrzesnia.pl\/wordpress\/wp-content\/uploads\/2023\/03\/20170402_smieciobranie_w_miloslawiu__19_-768x576.jpg 768w\" sizes=\"auto, (max-width: 1024px) 100vw, 1024px\" \/><\/figure>\n<figure class=\"wp-block-image\"><img loading=\"lazy\" decoding=\"async\" width=\"1024\" height=\"768\" src=\"https:\/\/www.projektwrzesnia.pl\/wordpress\/wp-content\/uploads\/2023\/03\/20170402_smieciobranie_w_miloslawiu__20_.jpg\" alt=\"\" class=\"wp-image-101499\" srcset=\"https:\/\/www.projektwrzesnia.pl\/wordpress\/wp-content\/uploads\/2023\/03\/20170402_smieciobranie_w_miloslawiu__20_.jpg 1024w, https:\/\/www.projektwrzesnia.pl\/wordpress\/wp-content\/uploads\/2023\/03\/20170402_smieciobranie_w_miloslawiu__20_-300x225.jpg 300w, https:\/\/www.projektwrzesnia.pl\/wordpress\/wp-content\/uploads\/2023\/03\/20170402_smieciobranie_w_miloslawiu__20_-768x576.jpg 768w\" sizes=\"auto, (max-width: 1024px) 100vw, 1024px\" \/><\/figure>\n<figure class=\"wp-block-image\"><img loading=\"lazy\" decoding=\"async\" width=\"1024\" height=\"768\" src=\"https:\/\/www.projektwrzesnia.pl\/wordpress\/wp-content\/uploads\/2023\/03\/20170402_smieciobranie_w_miloslawiu__21_.jpg\" alt=\"\" class=\"wp-image-1014910\" srcset=\"https:\/\/www.projektwrzesnia.pl\/wordpress\/wp-content\/uploads\/2023\/03\/20170402_smieciobranie_w_miloslawiu__21_.jpg 1024w, https:\/\/www.projektwrzesnia.pl\/wordpress\/wp-content\/uploads\/2023\/03\/20170402_smieciobranie_w_miloslawiu__21_-300x225.jpg 300w, https:\/\/www.projektwrzesnia.pl\/wordpress\/wp-content\/uploads\/2023\/03\/20170402_smieciobranie_w_miloslawiu__21_-768x576.jpg 768w\" sizes=\"auto, (max-width: 1024px) 100vw, 1024px\" \/><\/figure>\n<figure class=\"wp-block-image\"><img loading=\"lazy\" decoding=\"async\" width=\"1024\" height=\"768\" src=\"https:\/\/www.projektwrzesnia.pl\/wordpress\/wp-content\/uploads\/2023\/03\/20170402_smieciobranie_w_miloslawiu__22_.jpg\" alt=\"\" class=\"wp-image-1014911\" srcset=\"https:\/\/www.projektwrzesnia.pl\/wordpress\/wp-content\/uploads\/2023\/03\/20170402_smieciobranie_w_miloslawiu__22_.jpg 1024w, https:\/\/www.projektwrzesnia.pl\/wordpress\/wp-content\/uploads\/2023\/03\/20170402_smieciobranie_w_miloslawiu__22_-300x225.jpg 300w, https:\/\/www.projektwrzesnia.pl\/wordpress\/wp-content\/uploads\/2023\/03\/20170402_smieciobranie_w_miloslawiu__22_-768x576.jpg 768w\" sizes=\"auto, (max-width: 1024px) 100vw, 1024px\" \/><\/figure>\n<figure class=\"wp-block-image\"><img loading=\"lazy\" decoding=\"async\" width=\"1024\" height=\"768\" src=\"https:\/\/www.projektwrzesnia.pl\/wordpress\/wp-content\/uploads\/2023\/03\/20170402_smieciobranie_w_miloslawiu__23_.jpg\" alt=\"\" class=\"wp-image-1014912\" srcset=\"https:\/\/www.projektwrzesnia.pl\/wordpress\/wp-content\/uploads\/2023\/03\/20170402_smieciobranie_w_miloslawiu__23_.jpg 1024w, https:\/\/www.projektwrzesnia.pl\/wordpress\/wp-content\/uploads\/2023\/03\/20170402_smieciobranie_w_miloslawiu__23_-300x225.jpg 300w, https:\/\/www.projektwrzesnia.pl\/wordpress\/wp-content\/uploads\/2023\/03\/20170402_smieciobranie_w_miloslawiu__23_-768x576.jpg 768w\" sizes=\"auto, (max-width: 1024px) 100vw, 1024px\" \/><\/figure>\n<figure class=\"wp-block-image\"><img loading=\"lazy\" decoding=\"async\" width=\"1024\" height=\"768\" src=\"https:\/\/www.projektwrzesnia.pl\/wordpress\/wp-content\/uploads\/2023\/03\/20170402_smieciobranie_w_miloslawiu__24_.jpg\" alt=\"\" class=\"wp-image-1014913\" srcset=\"https:\/\/www.projektwrzesnia.pl\/wordpress\/wp-content\/uploads\/2023\/03\/20170402_smieciobranie_w_miloslawiu__24_.jpg 1024w, https:\/\/www.projektwrzesnia.pl\/wordpress\/wp-content\/uploads\/2023\/03\/20170402_smieciobranie_w_miloslawiu__24_-300x225.jpg 300w, https:\/\/www.projektwrzesnia.pl\/wordpress\/wp-content\/uploads\/2023\/03\/20170402_smieciobranie_w_miloslawiu__24_-768x576.jpg 768w\" sizes=\"auto, (max-width: 1024px) 100vw, 1024px\" \/><\/figure>\n<figure class=\"wp-block-image\"><img loading=\"lazy\" decoding=\"async\" width=\"1024\" height=\"683\" src=\"https:\/\/www.projektwrzesnia.pl\/wordpress\/wp-content\/uploads\/2023\/03\/20170402_smieciobranie_w_miloslawiu__25_.jpg\" alt=\"\" class=\"wp-image-1014914\" srcset=\"https:\/\/www.projektwrzesnia.pl\/wordpress\/wp-content\/uploads\/2023\/03\/20170402_smieciobranie_w_miloslawiu__25_.jpg 1024w, https:\/\/www.projektwrzesnia.pl\/wordpress\/wp-content\/uploads\/2023\/03\/20170402_smieciobranie_w_miloslawiu__25_-300x200.jpg 300w, https:\/\/www.projektwrzesnia.pl\/wordpress\/wp-content\/uploads\/2023\/03\/20170402_smieciobranie_w_miloslawiu__25_-768x512.jpg 768w\" sizes=\"auto, (max-width: 1024px) 100vw, 1024px\" \/><\/figure>\n<figure class=\"wp-block-image\"><img loading=\"lazy\" decoding=\"async\" width=\"1024\" height=\"683\" src=\"https:\/\/www.projektwrzesnia.pl\/wordpress\/wp-content\/uploads\/2023\/03\/20170402_smieciobranie_w_miloslawiu__26_.jpg\" alt=\"\" class=\"wp-image-1014915\" srcset=\"https:\/\/www.projektwrzesnia.pl\/wordpress\/wp-content\/uploads\/2023\/03\/20170402_smieciobranie_w_miloslawiu__26_.jpg 1024w, https:\/\/www.projektwrzesnia.pl\/wordpress\/wp-content\/uploads\/2023\/03\/20170402_smieciobranie_w_miloslawiu__26_-300x200.jpg 300w, https:\/\/www.projektwrzesnia.pl\/wordpress\/wp-content\/uploads\/2023\/03\/20170402_smieciobranie_w_miloslawiu__26_-768x512.jpg 768w\" sizes=\"auto, (max-width: 1024px) 100vw, 1024px\" \/><\/figure>\n<figure class=\"wp-block-image\"><img loading=\"lazy\" decoding=\"async\" width=\"1024\" height=\"683\" src=\"https:\/\/www.projektwrzesnia.pl\/wordpress\/wp-content\/uploads\/2023\/03\/20170402_smieciobranie_w_miloslawiu__27_.jpg\" alt=\"\" class=\"wp-image-1014916\" srcset=\"https:\/\/www.projektwrzesnia.pl\/wordpress\/wp-content\/uploads\/2023\/03\/20170402_smieciobranie_w_miloslawiu__27_.jpg 1024w, https:\/\/www.projektwrzesnia.pl\/wordpress\/wp-content\/uploads\/2023\/03\/20170402_smieciobranie_w_miloslawiu__27_-300x200.jpg 300w, https:\/\/www.projektwrzesnia.pl\/wordpress\/wp-content\/uploads\/2023\/03\/20170402_smieciobranie_w_miloslawiu__27_-768x512.jpg 768w\" sizes=\"auto, (max-width: 1024px) 100vw, 1024px\" \/><\/figure>\n<figure class=\"wp-block-image\"><img loading=\"lazy\" decoding=\"async\" width=\"576\" height=\"768\" src=\"https:\/\/www.projektwrzesnia.pl\/wordpress\/wp-content\/uploads\/2023\/03\/20170402_smieciobranie_w_miloslawiu__28_.jpg\" alt=\"\" class=\"wp-image-1014917\" srcset=\"https:\/\/www.projektwrzesnia.pl\/wordpress\/wp-content\/uploads\/2023\/03\/20170402_smieciobranie_w_miloslawiu__28_.jpg 576w, https:\/\/www.projektwrzesnia.pl\/wordpress\/wp-content\/uploads\/2023\/03\/20170402_smieciobranie_w_miloslawiu__28_-225x300.jpg 225w\" sizes=\"auto, (max-width: 576px) 100vw, 576px\" \/><\/figure>\n<figure class=\"wp-block-image\"><img loading=\"lazy\" decoding=\"async\" width=\"1024\" height=\"768\" src=\"https:\/\/www.projektwrzesnia.pl\/wordpress\/wp-content\/uploads\/2023\/03\/20170402_smieciobranie_w_miloslawiu__29_.jpg\" alt=\"\" class=\"wp-image-1014918\" srcset=\"https:\/\/www.projektwrzesnia.pl\/wordpress\/wp-content\/uploads\/2023\/03\/20170402_smieciobranie_w_miloslawiu__29_.jpg 1024w, https:\/\/www.projektwrzesnia.pl\/wordpress\/wp-content\/uploads\/2023\/03\/20170402_smieciobranie_w_miloslawiu__29_-300x225.jpg 300w, https:\/\/www.projektwrzesnia.pl\/wordpress\/wp-content\/uploads\/2023\/03\/20170402_smieciobranie_w_miloslawiu__29_-768x576.jpg 768w\" sizes=\"auto, (max-width: 1024px) 100vw, 1024px\" \/><\/figure>\n<figure class=\"wp-block-image\"><img loading=\"lazy\" decoding=\"async\" width=\"1024\" height=\"683\" src=\"https:\/\/www.projektwrzesnia.pl\/wordpress\/wp-content\/uploads\/2023\/03\/20170402_smieciobranie_w_miloslawiu__30_.jpg\" alt=\"\" class=\"wp-image-1014919\" srcset=\"https:\/\/www.projektwrzesnia.pl\/wordpress\/wp-content\/uploads\/2023\/03\/20170402_smieciobranie_w_miloslawiu__30_.jpg 1024w, https:\/\/www.projektwrzesnia.pl\/wordpress\/wp-content\/uploads\/2023\/03\/20170402_smieciobranie_w_miloslawiu__30_-300x200.jpg 300w, https:\/\/www.projektwrzesnia.pl\/wordpress\/wp-content\/uploads\/2023\/03\/20170402_smieciobranie_w_miloslawiu__30_-768x512.jpg 768w\" sizes=\"auto, (max-width: 1024px) 100vw, 1024px\" \/><\/figure>\n<figure class=\"wp-block-image\"><img loading=\"lazy\" decoding=\"async\" width=\"1024\" height=\"683\" src=\"https:\/\/www.projektwrzesnia.pl\/wordpress\/wp-content\/uploads\/2023\/03\/20170402_smieciobranie_w_miloslawiu__31_.jpg\" alt=\"\" class=\"wp-image-1014920\" srcset=\"https:\/\/www.projektwrzesnia.pl\/wordpress\/wp-content\/uploads\/2023\/03\/20170402_smieciobranie_w_miloslawiu__31_.jpg 1024w, https:\/\/www.projektwrzesnia.pl\/wordpress\/wp-content\/uploads\/2023\/03\/20170402_smieciobranie_w_miloslawiu__31_-300x200.jpg 300w, https:\/\/www.projektwrzesnia.pl\/wordpress\/wp-content\/uploads\/2023\/03\/20170402_smieciobranie_w_miloslawiu__31_-768x512.jpg 768w\" sizes=\"auto, (max-width: 1024px) 100vw, 1024px\" \/><\/figure>\n<figure class=\"wp-block-image\"><img loading=\"lazy\" decoding=\"async\" width=\"1024\" height=\"683\" src=\"https:\/\/www.projektwrzesnia.pl\/wordpress\/wp-content\/uploads\/2023\/03\/20170402_smieciobranie_w_miloslawiu__32_.jpg\" alt=\"\" class=\"wp-image-1014921\" srcset=\"https:\/\/www.projektwrzesnia.pl\/wordpress\/wp-content\/uploads\/2023\/03\/20170402_smieciobranie_w_miloslawiu__32_.jpg 1024w, https:\/\/www.projektwrzesnia.pl\/wordpress\/wp-content\/uploads\/2023\/03\/20170402_smieciobranie_w_miloslawiu__32_-300x200.jpg 300w, https:\/\/www.projektwrzesnia.pl\/wordpress\/wp-content\/uploads\/2023\/03\/20170402_smieciobranie_w_miloslawiu__32_-768x512.jpg 768w\" sizes=\"auto, (max-width: 1024px) 100vw, 1024px\" \/><\/figure>\n<figure class=\"wp-block-image\"><img loading=\"lazy\" decoding=\"async\" width=\"1024\" height=\"683\" src=\"https:\/\/www.projektwrzesnia.pl\/wordpress\/wp-content\/uploads\/2023\/03\/20170402_smieciobranie_w_miloslawiu__33_.jpg\" alt=\"\" class=\"wp-image-1014922\" srcset=\"https:\/\/www.projektwrzesnia.pl\/wordpress\/wp-content\/uploads\/2023\/03\/20170402_smieciobranie_w_miloslawiu__33_.jpg 1024w, https:\/\/www.projektwrzesnia.pl\/wordpress\/wp-content\/uploads\/2023\/03\/20170402_smieciobranie_w_miloslawiu__33_-300x200.jpg 300w, https:\/\/www.projektwrzesnia.pl\/wordpress\/wp-content\/uploads\/2023\/03\/20170402_smieciobranie_w_miloslawiu__33_-768x512.jpg 768w\" sizes=\"auto, (max-width: 1024px) 100vw, 1024px\" \/><\/figure>\n<figure class=\"wp-block-image\"><img loading=\"lazy\" decoding=\"async\" width=\"1024\" height=\"683\" src=\"https:\/\/www.projektwrzesnia.pl\/wordpress\/wp-content\/uploads\/2023\/03\/20170402_smieciobranie_w_miloslawiu__34_.jpg\" alt=\"\" class=\"wp-image-1014923\" srcset=\"https:\/\/www.projektwrzesnia.pl\/wordpress\/wp-content\/uploads\/2023\/03\/20170402_smieciobranie_w_miloslawiu__34_.jpg 1024w, https:\/\/www.projektwrzesnia.pl\/wordpress\/wp-content\/uploads\/2023\/03\/20170402_smieciobranie_w_miloslawiu__34_-300x200.jpg 300w, https:\/\/www.projektwrzesnia.pl\/wordpress\/wp-content\/uploads\/2023\/03\/20170402_smieciobranie_w_miloslawiu__34_-768x512.jpg 768w\" sizes=\"auto, (max-width: 1024px) 100vw, 1024px\" \/><\/figure>\n<figure class=\"wp-block-image\"><img loading=\"lazy\" decoding=\"async\" width=\"1024\" height=\"768\" src=\"https:\/\/www.projektwrzesnia.pl\/wordpress\/wp-content\/uploads\/2023\/03\/20170402_smieciobranie_w_miloslawiu__35_.jpg\" alt=\"\" class=\"wp-image-1014924\" srcset=\"https:\/\/www.projektwrzesnia.pl\/wordpress\/wp-content\/uploads\/2023\/03\/20170402_smieciobranie_w_miloslawiu__35_.jpg 1024w, https:\/\/www.projektwrzesnia.pl\/wordpress\/wp-content\/uploads\/2023\/03\/20170402_smieciobranie_w_miloslawiu__35_-300x225.jpg 300w, https:\/\/www.projektwrzesnia.pl\/wordpress\/wp-content\/uploads\/2023\/03\/20170402_smieciobranie_w_miloslawiu__35_-768x576.jpg 768w\" sizes=\"auto, (max-width: 1024px) 100vw, 1024px\" \/><\/figure>\n<figure class=\"wp-block-image\"><img loading=\"lazy\" decoding=\"async\" width=\"1024\" height=\"768\" src=\"https:\/\/www.projektwrzesnia.pl\/wordpress\/wp-content\/uploads\/2023\/03\/20170402_smieciobranie_w_miloslawiu__36_.jpg\" alt=\"\" class=\"wp-image-1014925\" srcset=\"https:\/\/www.projektwrzesnia.pl\/wordpress\/wp-content\/uploads\/2023\/03\/20170402_smieciobranie_w_miloslawiu__36_.jpg 1024w, https:\/\/www.projektwrzesnia.pl\/wordpress\/wp-content\/uploads\/2023\/03\/20170402_smieciobranie_w_miloslawiu__36_-300x225.jpg 300w, https:\/\/www.projektwrzesnia.pl\/wordpress\/wp-content\/uploads\/2023\/03\/20170402_smieciobranie_w_miloslawiu__36_-768x576.jpg 768w\" sizes=\"auto, (max-width: 1024px) 100vw, 1024px\" \/><\/figure>\n<\/figure>\n","protected":false},"excerpt":{"rendered":"<p>\u015amieciobrania organizowane s\u0105 ju\u017c od d\u0142u\u017cszego czasu na terenie gmin naszego powiatu. Po Nekli i&nbsp;Wrze\u015bni do dzia\u0142ania przy\u0142\u0105czy\u0142 si\u0119 Mi\u0142os\u0142aw, gdzie radni z&nbsp;klubu &bdquo;Razem dla Gminy Mi\u0142os\u0142aw&rdquo; zorganizowali 1 kwietnia pierwsz\u0105 tak\u0105 akcj\u0119. Przed przyst\u0105pieniem do prac mieli\u015bmy okazj\u0119 zobaczy\u0107 wn\u0119trze pa\u0142acu w&nbsp;Mi\u0142os\u0142awiu oraz wej\u015b\u0107 na wie\u017c\u0119, z&nbsp;kt\u00f3rej roztacza si\u0119 przepi\u0119kna panorama. Wsp\u00f3lnie z&nbsp;nami i&nbsp;radnymi [&hellip;]<\/p>\n","protected":false},"author":1,"featured_media":10149,"comment_status":"open","ping_status":"open","sticky":false,"template":"","format":"standard","meta":{"_acf_changed":false,"footnotes":""},"categories":[33],"tags":[],"class_list":["post-149","post","type-post","status-publish","format-standard","has-post-thumbnail","hentry","category-33"],"acf":[],"_links":{"self":[{"href":"https:\/\/www.projektwrzesnia.pl\/wordpress\/wp-json\/wp\/v2\/posts\/149","targetHints":{"allow":["GET"]}}],"collection":[{"href":"https:\/\/www.projektwrzesnia.pl\/wordpress\/wp-json\/wp\/v2\/posts"}],"about":[{"href":"https:\/\/www.projektwrzesnia.pl\/wordpress\/wp-json\/wp\/v2\/types\/post"}],"author":[{"embeddable":true,"href":"https:\/\/www.projektwrzesnia.pl\/wordpress\/wp-json\/wp\/v2\/users\/1"}],"replies":[{"embeddable":true,"href":"https:\/\/www.projektwrzesnia.pl\/wordpress\/wp-json\/wp\/v2\/comments?post=149"}],"version-history":[{"count":0,"href":"https:\/\/www.projektwrzesnia.pl\/wordpress\/wp-json\/wp\/v2\/posts\/149\/revisions"}],"wp:featuredmedia":[{"embeddable":true,"href":"https:\/\/www.projektwrzesnia.pl\/wordpress\/wp-json\/wp\/v2\/media\/10149"}],"wp:attachment":[{"href":"https:\/\/www.projektwrzesnia.pl\/wordpress\/wp-json\/wp\/v2\/media?parent=149"}],"wp:term":[{"taxonomy":"category","embeddable":true,"href":"https:\/\/www.projektwrzesnia.pl\/wordpress\/wp-json\/wp\/v2\/categories?post=149"},{"taxonomy":"post_tag","embeddable":true,"href":"https:\/\/www.projektwrzesnia.pl\/wordpress\/wp-json\/wp\/v2\/tags?post=149"}],"curies":[{"name":"wp","href":"https:\/\/api.w.org\/{rel}","templated":true}]}}