{"id":161,"date":"2017-04-23T20:00:00","date_gmt":"2017-04-23T20:00:00","guid":{"rendered":"http:\/\/www.projektwrzesnia.pl\/wordpress\/161\/"},"modified":"2017-04-23T20:00:00","modified_gmt":"2017-04-23T20:00:00","slug":"czy-zieleniak-i-parking-sa-zagrozone","status":"publish","type":"post","link":"https:\/\/www.projektwrzesnia.pl\/wordpress\/161\/","title":{"rendered":"Czy zieleniak i\u00a0parking s\u0105 zagro\u017cone?"},"content":{"rendered":"<p class=\"tresc\">&nbsp; &nbsp; <img loading=\"lazy\" decoding=\"async\" style=\"float: left;\" title=\"- 20170423_zieleniak_tekst__1_.jpg\" src=\"http:\/\/www.projektwrzesnia.pl\/asp\/pliki\/aktualnosci2017\/20170423_zieleniak_tekst__1_.jpg\" alt=\"- 20170423_zieleniak_tekst__1_.jpg\" width=\"537\" height=\"450\">&nbsp;<\/p>\n<p class=\"tresc\"><strong>Ostatnio g\u0142os w&nbsp;sprawie plan\u00f3w burmistrza w&nbsp;stosunku do&nbsp;zieleniaka przy ulicy Ko\u015bcielnej i&nbsp;pobliskiego parkingu zabra\u0142wiceburmistrz Karol Nowak. Z&nbsp;jego wypowiedzi na \u0142amach portalu Nowa Wrze\u015bnia [<a href=\"http:\/\/www.nowawrzesnia.pl\/index.php\/aktualnosci\/item\/4180-ratusz-zabiera-glos-w-sprawie-przyszlosci-zieleniaka\" target=\"_blank\" rel=\"noopener\">tutaj<\/a>] mo\u017cemy dowiedzie\u0107 si\u0119, \u017ce obawy o&nbsp;przysz\u0142o\u015b\u0107 tego terenu by\u0142y niepotrzebne. <br \/><\/strong><\/p>\n<p class=\"tresc\"><strong>Ale czy na pewno?<\/strong><\/p>\n<p class=\"tresc\">Przyjrzyjmy si\u0119 wyja\u015bnieniom ratusza.<\/p>\n<div class=\"tresc\">\n<ol>\n<li>\n<div class=\"tresc\">Burmistrz kategorycznie twierdzi, i\u017c&nbsp;&bdquo;nie by\u0142o i&nbsp;nie ma plan\u00f3w likwidacji zieleniaka. Tak samo nie ma plan\u00f3w budowania blok\u00f3w w&nbsp;tym rejonie&rdquo;. A&nbsp;teraz skonfrontujmy najnowszy projekt studium z&nbsp;obecnie obowi\u0105zuj\u0105cym miejscowym planem zagospodarowania przestrzennego z&nbsp;2002 r.:<\/p>\n<p>Obowi\u0105zuj\u0105cy plan zak\u0142ada, \u017ce na terenie zieleniaka: &#8222;wyznacza si\u0119 teren targowiska, dla kt\u00f3rego ustala si\u0119: 1. <strong>zachowanie istniej\u0105cego targowiska miejskiego<\/strong>&rdquo;.<\/p>\n<p>Natomiast w&nbsp;przygotowanym przez burmistrza projekcie studium mo\u017cna przeczyta\u0107, \u017ce <strong>planuje si\u0119, aby na terenie zieleniaka przy ul. Ko\u015bcielnej, parkingu i&nbsp;separatora mog\u0142y powstawa\u0107 budynki wysokie na 17 metr\u00f3w:<\/strong><br \/>&bdquo;Wrze\u015bnia rejon ulicy Wrzosowej i&nbsp;Ko\u015bcielnej, oznaczony symbolem &bdquo;M\/U&rdquo; na za\u0142\u0105czniku graficznym do zmiany Studium nr VII, na kt\u00f3rym okre\u015bla si\u0119 nast\u0119puj\u0105ce kierunki i&nbsp;wska\u017aniki dotycz\u0105ce zagospodarowania oraz u\u017cytkowania teren\u00f3w: M\/U &ndash; tereny zabudowy mieszkaniowej i&nbsp;nieuci\u0105\u017cliwych us\u0142ug (tj. niezaliczanych do przedsi\u0119wzi\u0119\u0107 mog\u0105cych znacz\u0105co oddzia\u0142ywa\u0107 na \u015brodowisko); teren osadniczy o&nbsp;dominuj\u0105cej funkcji zabudowy mieszkaniowej oraz us\u0142ugowej, w&nbsp;szczeg\u00f3lno\u015bci z&nbsp;zakresu handlu, edukacji, ochrony zdrowia, kultury, administracji, sportu i&nbsp;rekreacji wraz z&nbsp;towarzysz\u0105c\u0105, niezb\u0119dn\u0105 dla funkcjonowania tej zabudowy, infrastruktur\u0105 techniczn\u0105:<br \/><strong>&#8211; maksymalna wysoko\u015b\u0107 zabudowy: 17 metr\u00f3w&rdquo;.<\/strong><\/p>\n<p>Dalej w&nbsp;przygotowanym przez burmistrza projekcie studium, czytamy, \u017ce celem zmian, dla tych teren\u00f3w jest:<br \/>&bdquo; &#8211; wprowadzenie w&nbsp;miejsce dotychczasowych roz\u0142\u0105cznych funkcji mieszkaniowej oraz us\u0142ugowej w&nbsp;ramach obszar\u00f3w osiedle\u0144czych &ndash; teren\u00f3w zainwestowania i&nbsp;zwi\u0105zanych z&nbsp;funkcjami rozwojowymi jednostek osiedle\u0144czych, kierunku zagospodarowania przestrzennego zabudowy mieszkalno-us\u0142ugowej&rdquo;.<\/p>\n<p>Powy\u017csze jasno dowodzi, i\u017c&nbsp;proponowany przez burmistrza projekt zmian studium zak\u0142ada wprowadzenie w&nbsp;miejsce dotychczasowej funkcji us\u0142ugowej terenu zieleniaka zabudowy mieszkalno-us\u0142ugowej.<br \/>Podsumowuj\u0105c, obecny miejscowy plan zagospodarowania przestrzennego zak\u0142ada\u0142, i\u017c&nbsp;na terenie zieleniaka nie mo\u017ce powsta\u0107 nic innego ni\u017c&nbsp;targowisko. Natomiast projekt burmistrza DOPUSZCZA ju\u017c mo\u017cliwo\u015b\u0107 zabudowy mieszkalno-us\u0142ugowej o&nbsp;maksymalnej wysoko\u015bci 17 metr\u00f3w.<\/p>\n<p>Je\u015bli ratusz nie planuje innego przeznaczania tego terenu, w&nbsp;jakim celu opracowuje taki projekt zmian studium?<\/p>\n<\/div>\n<\/li>\n<li>\n<div class=\"tresc\">W&nbsp;swojej wypowiedzi burmistrz Karol Nowak skupi\u0142 si\u0119 jedynie na terenie zieleniaka. Warto za\u015b wspomnie\u0107 o&nbsp;planach co do obecnego parkingu mi\u0119dzy zieleniakiem a&nbsp;Wrze\u015bnic\u0105 oraz separatora (zbiornika na wod\u0119 mi\u0119dzy parkingiem a&nbsp;rzek\u0105). Podobnie jak w&nbsp;przypadku zieleniaka proponowany przez burmistrza projekt studium DOPUSZCZA mo\u017cliwo\u015b\u0107 zabudowy mieszkalno-us\u0142ugowej o&nbsp;maksymalnej wysoko\u015bci 17 metr\u00f3w. Co wi\u0119cej zgodnie z&nbsp;projektem bloki mia\u0142yby si\u0119 znale\u017a\u0107 praktycznie przy samej Wrze\u015bnicy.<\/p>\n<\/div>\n<\/li>\n<li>\n<div class=\"tresc\">Dalsza cz\u0119\u015b\u0107 wypowiedzi burmistrza w&nbsp;zasadzie nie dotyczy meritum sprawy, ale dla porz\u0105dku dyskusji warto si\u0119 do niej ustosunkowa\u0107.<br \/>Ratusz jako argument wskaza\u0142 r\u00f3wnie\u017c na tre\u015b\u0107 miejscowego planu zagospodarowania przestrzennego z&nbsp;2009 r. Szkoda, i\u017c&nbsp;nie wspomniano, \u017ce&nbsp;Wojewoda Wielkopolski orzek\u0142 jego niewa\u017cno\u015b\u0107 ze&nbsp;wzgl\u0119du na istotne naruszenia prawa:<br \/>ROZSTRZYGNI\u0118CIE NADZORCZE WOJEWODY WIELKOPOLSKIEGO nr KN.I-10-0911-104\/09 z&nbsp;dnia 7 grudnia 2009 r. orzekaj\u0105ce niewa\u017cno\u015b\u0107 uchwa\u0142y nr XXVII\/252\/2009 Rady Miejskiej we Wrze\u015bni z&nbsp;dnia 3 listopada 2009 r. w&nbsp;sprawie zmiany miejscowego planu zagospodarowania przestrzennego teren\u00f3w zabudowy mieszkalno-us\u0142ugowej w&nbsp;rejonie ulicy Wrzosowej i&nbsp;Ko\u015bcielnej we Wrze\u015bni. [<a href=\"http:\/\/www.poznan.uw.gov.pl\/system\/files\/dzienniki\/dziennik_nr_004-2010_pozycja_128.pdf\" target=\"_blank\" rel=\"noopener\">tutaj<\/a>]<\/p>\n<p>Obecnie dla terenu zieleniaka, parkingu i&nbsp;separatora aktualny jest miejscowy plan zagospodarowania przestrzennego z&nbsp;2002 roku. Plan&nbsp;z&nbsp;2009&nbsp;roku ma si\u0119 nijak do plan\u00f3w ratusza w&nbsp;sprawie zmiany studium i&nbsp;nie jest dowodem w&nbsp;tej sprawie. Dlatego tym bardziej dziwi jego przywo\u0142anie przez burmistrza.<\/p>\n<p>Burmistrz wspomina r\u00f3wnie\u017c, \u017ce handluj\u0105cych i&nbsp;kupuj\u0105cych na terenie zieleniaka jest zdecydowanie mniej ni\u017c kiedy\u015b. Trudno si\u0119 z&nbsp;tym nie zgodzi\u0107 &#8211; Gmina zgadzaj\u0105c si\u0119 na sytuowanie w&nbsp;wielu miejscach kolejnych market\u00f3w sama doprowadzi\u0142a do uszczuplenia drobnego handlu, a&nbsp;tym samym znaczenia zieleniaka. Warto pami\u0119ta\u0107, \u017ce to Gmina podnios\u0142a op\u0142at\u0119 targow\u0105: i&nbsp;tak za jedn\u0105 \u0142aw\u0119 targow\u0105 p\u0142aci\u0142o si\u0119 4 z\u0142 w&nbsp;2004 r., a&nbsp;w&nbsp;2016 r. ju\u017c 6 z\u0142otych.<\/p>\n<p>Na koniec burmistrz wskaza\u0142, \u017ce \u017caden z&nbsp;deweloper\u00f3w nie z\u0142o\u017cy\u0142 zapytania w&nbsp;sprawie zakupu terenu zieleniaka, parkingu i&nbsp;separatora. Trudno&nbsp;si\u0119&nbsp;z&nbsp;tym nie zgodzi\u0107 &ndash; bo kto chcia\u0142by kupi\u0107 zieleniak, parking i&nbsp;separator, wiedz\u0105c, \u017ce zgodnie z&nbsp;obowi\u0105zuj\u0105cym planem, nie mo\u017ce powsta\u0107 tam nic innego? DOPIERO gdy proponowane przez burmistrza zmiany wesz\u0142yby w&nbsp;\u017cycie, teren sta\u0142by si\u0119 atrakcyjny dla deweloper\u00f3w.<\/p>\n<p>Reasumuj\u0105c, warto podkre\u015bli\u0107, \u017ce w&nbsp;przygotowanym przez burmistrza projekcie studium mo\u017cna przeczyta\u0107, \u017ce dopuszcza si\u0119, aby na terenie zieleniaka przy ul. Ko\u015bcielnej, parkingu i&nbsp;separatora mog\u0142y powstawa\u0107 budynki wysokie na 17 metr\u00f3w, natomiast w&nbsp;obowi\u0105zuj\u0105cym miejscowym planie zagospodarowania przestrzennego takiej mo\u017cliwo\u015bci nie by\u0142o.&nbsp;<\/p><\/div>\n<\/li>\n<\/ol>\n<\/div>\n<figure class=\"is-layout-flex wp-block-gallery-1 wp-block-gallery has-nested-images columns-default is-cropped\">\n<figure class=\"wp-block-image\"><img loading=\"lazy\" decoding=\"async\" width=\"916\" height=\"768\" src=\"https:\/\/www.projektwrzesnia.pl\/wordpress\/wp-content\/uploads\/2023\/03\/20170423_zieleniak_galeria11.jpg\" alt=\"\" class=\"wp-image-101610\" srcset=\"https:\/\/www.projektwrzesnia.pl\/wordpress\/wp-content\/uploads\/2023\/03\/20170423_zieleniak_galeria11.jpg 916w, https:\/\/www.projektwrzesnia.pl\/wordpress\/wp-content\/uploads\/2023\/03\/20170423_zieleniak_galeria11-300x252.jpg 300w, https:\/\/www.projektwrzesnia.pl\/wordpress\/wp-content\/uploads\/2023\/03\/20170423_zieleniak_galeria11-768x644.jpg 768w\" sizes=\"auto, (max-width: 916px) 100vw, 916px\" \/><\/figure>\n<figure class=\"wp-block-image\"><img loading=\"lazy\" decoding=\"async\" width=\"1024\" height=\"768\" src=\"https:\/\/www.projektwrzesnia.pl\/wordpress\/wp-content\/uploads\/2023\/03\/20170423_zieleniak_galeria12.jpg\" alt=\"\" class=\"wp-image-101611\" srcset=\"https:\/\/www.projektwrzesnia.pl\/wordpress\/wp-content\/uploads\/2023\/03\/20170423_zieleniak_galeria12.jpg 1024w, https:\/\/www.projektwrzesnia.pl\/wordpress\/wp-content\/uploads\/2023\/03\/20170423_zieleniak_galeria12-300x225.jpg 300w, https:\/\/www.projektwrzesnia.pl\/wordpress\/wp-content\/uploads\/2023\/03\/20170423_zieleniak_galeria12-768x576.jpg 768w\" sizes=\"auto, (max-width: 1024px) 100vw, 1024px\" \/><\/figure>\n<figure class=\"wp-block-image\"><img loading=\"lazy\" decoding=\"async\" width=\"1024\" height=\"542\" src=\"https:\/\/www.projektwrzesnia.pl\/wordpress\/wp-content\/uploads\/2023\/03\/20170423_zieleniak_galeria13.jpg\" alt=\"\" class=\"wp-image-101612\" srcset=\"https:\/\/www.projektwrzesnia.pl\/wordpress\/wp-content\/uploads\/2023\/03\/20170423_zieleniak_galeria13.jpg 1024w, https:\/\/www.projektwrzesnia.pl\/wordpress\/wp-content\/uploads\/2023\/03\/20170423_zieleniak_galeria13-300x159.jpg 300w, https:\/\/www.projektwrzesnia.pl\/wordpress\/wp-content\/uploads\/2023\/03\/20170423_zieleniak_galeria13-768x407.jpg 768w\" sizes=\"auto, (max-width: 1024px) 100vw, 1024px\" \/><\/figure>\n<figure class=\"wp-block-image\"><img loading=\"lazy\" decoding=\"async\" width=\"1024\" height=\"768\" src=\"https:\/\/www.projektwrzesnia.pl\/wordpress\/wp-content\/uploads\/2023\/03\/20170423_zieleniak_galeria14.jpg\" alt=\"\" class=\"wp-image-101613\" srcset=\"https:\/\/www.projektwrzesnia.pl\/wordpress\/wp-content\/uploads\/2023\/03\/20170423_zieleniak_galeria14.jpg 1024w, https:\/\/www.projektwrzesnia.pl\/wordpress\/wp-content\/uploads\/2023\/03\/20170423_zieleniak_galeria14-300x225.jpg 300w, https:\/\/www.projektwrzesnia.pl\/wordpress\/wp-content\/uploads\/2023\/03\/20170423_zieleniak_galeria14-768x576.jpg 768w\" sizes=\"auto, (max-width: 1024px) 100vw, 1024px\" \/><\/figure>\n<figure class=\"wp-block-image\"><img loading=\"lazy\" decoding=\"async\" width=\"800\" height=\"427\" src=\"https:\/\/www.projektwrzesnia.pl\/wordpress\/wp-content\/uploads\/2023\/03\/20170423_zieleniak_galeria17.png\" alt=\"\" class=\"wp-image-101614\" srcset=\"https:\/\/www.projektwrzesnia.pl\/wordpress\/wp-content\/uploads\/2023\/03\/20170423_zieleniak_galeria17.png 800w, https:\/\/www.projektwrzesnia.pl\/wordpress\/wp-content\/uploads\/2023\/03\/20170423_zieleniak_galeria17-300x160.png 300w, https:\/\/www.projektwrzesnia.pl\/wordpress\/wp-content\/uploads\/2023\/03\/20170423_zieleniak_galeria17-768x410.png 768w\" sizes=\"auto, (max-width: 800px) 100vw, 800px\" \/><\/figure>\n<\/figure>\n","protected":false},"excerpt":{"rendered":"<p>&nbsp; &nbsp; &nbsp; Ostatnio g\u0142os w&nbsp;sprawie plan\u00f3w burmistrza w&nbsp;stosunku do&nbsp;zieleniaka przy ulicy Ko\u015bcielnej i&nbsp;pobliskiego parkingu zabra\u0142wiceburmistrz Karol Nowak. Z&nbsp;jego wypowiedzi na \u0142amach portalu Nowa Wrze\u015bnia [tutaj] mo\u017cemy dowiedzie\u0107 si\u0119, \u017ce obawy o&nbsp;przysz\u0142o\u015b\u0107 tego terenu by\u0142y niepotrzebne. Ale czy na pewno? Przyjrzyjmy si\u0119 wyja\u015bnieniom ratusza. Burmistrz kategorycznie twierdzi, i\u017c&nbsp;&bdquo;nie by\u0142o i&nbsp;nie ma plan\u00f3w likwidacji zieleniaka. Tak [&hellip;]<\/p>\n","protected":false},"author":1,"featured_media":10161,"comment_status":"open","ping_status":"open","sticky":false,"template":"","format":"standard","meta":{"_acf_changed":false,"footnotes":""},"categories":[37],"tags":[],"class_list":["post-161","post","type-post","status-publish","format-standard","has-post-thumbnail","hentry","category-37"],"acf":[],"_links":{"self":[{"href":"https:\/\/www.projektwrzesnia.pl\/wordpress\/wp-json\/wp\/v2\/posts\/161","targetHints":{"allow":["GET"]}}],"collection":[{"href":"https:\/\/www.projektwrzesnia.pl\/wordpress\/wp-json\/wp\/v2\/posts"}],"about":[{"href":"https:\/\/www.projektwrzesnia.pl\/wordpress\/wp-json\/wp\/v2\/types\/post"}],"author":[{"embeddable":true,"href":"https:\/\/www.projektwrzesnia.pl\/wordpress\/wp-json\/wp\/v2\/users\/1"}],"replies":[{"embeddable":true,"href":"https:\/\/www.projektwrzesnia.pl\/wordpress\/wp-json\/wp\/v2\/comments?post=161"}],"version-history":[{"count":0,"href":"https:\/\/www.projektwrzesnia.pl\/wordpress\/wp-json\/wp\/v2\/posts\/161\/revisions"}],"wp:featuredmedia":[{"embeddable":true,"href":"https:\/\/www.projektwrzesnia.pl\/wordpress\/wp-json\/wp\/v2\/media\/10161"}],"wp:attachment":[{"href":"https:\/\/www.projektwrzesnia.pl\/wordpress\/wp-json\/wp\/v2\/media?parent=161"}],"wp:term":[{"taxonomy":"category","embeddable":true,"href":"https:\/\/www.projektwrzesnia.pl\/wordpress\/wp-json\/wp\/v2\/categories?post=161"},{"taxonomy":"post_tag","embeddable":true,"href":"https:\/\/www.projektwrzesnia.pl\/wordpress\/wp-json\/wp\/v2\/tags?post=161"}],"curies":[{"name":"wp","href":"https:\/\/api.w.org\/{rel}","templated":true}]}}