{"id":227,"date":"2017-11-26T20:00:00","date_gmt":"2017-11-26T20:00:00","guid":{"rendered":"http:\/\/www.projektwrzesnia.pl\/wordpress\/227\/"},"modified":"2017-11-26T20:00:00","modified_gmt":"2017-11-26T20:00:00","slug":"wykaz-grobow-zasluzonych-osob-nie-powstanie","status":"publish","type":"post","link":"https:\/\/www.projektwrzesnia.pl\/wordpress\/227\/","title":{"rendered":"Wykaz grob\u00f3w zas\u0142u\u017conych os\u00f3b nie powstanie"},"content":{"rendered":"<p><a href=\"https:\/\/www.projektwrzesnia.pl\/wordpress\/wp-content\/uploads\/2023\/03\/20171126_wykaz_grobow_ikona.jpg\" target=\"_blank\" rel=\"noopener\"><\/a>Kilka dni przed \u015awi\u0119tem Wszystkich \u015awi\u0119tych przy grobie nale\u017c\u0105cym do&nbsp;\u015bp.&nbsp;Walentyny Wyrwas &#8211; uczestniczki strajku szkolnego z&nbsp;pocz\u0105tku XX&nbsp;wieku, pojawi\u0142a si\u0119 tabliczka z&nbsp;napisem &bdquo;Up\u0142yn\u0105\u0142 termin wa\u017cno\u015bci op\u0142aconych uprawnie\u0144&rdquo;. Wys\u0142ali\u015bmy w\u00f3wczas do burmistrza Wrze\u015bni wniosek z&nbsp;pro\u015bb\u0105 o&nbsp;zwolnienie z&nbsp;op\u0142aty za korzystanie z&nbsp;miejsca poch\u00f3wku. Gdyby&nbsp;nie&nbsp;by\u0142o takiej mo\u017cliwo\u015bci zadeklarowali\u015bmy, \u017ce stowarzyszenie Projekt&nbsp;Wrze\u015bnia pokryje z&nbsp;w\u0142asnych funduszy wymagane op\u0142aty.<\/p>\n<p>W swojej odpowiedzi burmistrz wskaza\u0142, \u017ce op\u0142ata za miejsce poch\u00f3wku wp\u0142yn\u0119\u0142a, st\u0105d nie musimy regulowa\u0107 nale\u017cno\u015bci z&nbsp;w\u0142asnych \u015brodk\u00f3w. Dzi\u0119ki&nbsp;temu gr\u00f3b \u015bp.&nbsp;Walentyny Wyrwas b\u0119dzie przez kolejne lata znajdowa\u0142 si\u0119&nbsp;na cmentarzu komunalnym.<\/p>\n<p>&nbsp;<\/p>\n<p>&nbsp;<a href=\"http:\/\/www.projektwrzesnia.pl\/asp\/pliki\/aktualnosci2017\/20171126_wykaz_grobow_tekst.jpg\" target=\"_blank\" rel=\"noopener\"><img loading=\"lazy\" decoding=\"async\" style=\"margin-right: 0px; margin-left: 20px; float: right;\" title=\"- 20171126_wykaz_grobow_tekst.jpg\" src=\"http:\/\/www.projektwrzesnia.pl\/asp\/pliki\/aktualnosci2017\/20171126_wykaz_grobow_tekst.jpg\" alt=\"- 20171126_wykaz_grobow_tekst.jpg\" width=\"525\" height=\"350\"><\/a>Poza spraw\u0105 nagrobku Walentyny Wyrwas poprosili\u015bmy we wniosku, aby&nbsp;sporz\u0105dzono wykaz grob\u00f3w zlokalizowanych na terenie Gminy Wrze\u015bnia, w&nbsp;kt\u00f3rych spoczywaj\u0105 zas\u0142u\u017cone dla spo\u0142eczno\u015bci lokalnej osoby. Chcieli\u015bmy, aby&nbsp;takie groby oznaczy\u0107 i&nbsp;zwolni\u0107 z&nbsp;op\u0142at. Takie dzia\u0142anie pozwoli\u0142oby unikn\u0105\u0107 w&nbsp;przysz\u0142o\u015bci sytuacji jak ta opisana powy\u017cej. By\u0142aby to r\u00f3wnie\u017c oznaka naszego szacunku wzgl\u0119dem os\u00f3b, kt\u00f3re swoimi dzia\u0142aniami przyczynia\u0142y si\u0119 do rozwoju naszego miasta i&nbsp;naszej spo\u0142eczno\u015bci.<\/p>\n<p>Nasza pro\u015bba zosta\u0142a skwitowana przez burmistrza jednym zdaniem: &bdquo;Informuj\u0119 jednocze\u015bnie, \u017ce nie planuje si\u0119 sporz\u0105dzenia wykazu grob\u00f3w, w&nbsp;kt\u00f3rych spoczywaj\u0105 osoby zas\u0142u\u017cone dla spo\u0142eczno\u015bci lokalnej&rdquo;. Burmistrz wskaza\u0142 r\u00f3wnie\u017c, \u017ce u\u017cycie do ponownych poch\u00f3wk\u00f3w grob\u00f3w, maj\u0105cych warto\u015b\u0107 pami\u0105tek historycznych (ze wzgl\u0119du na sw\u0105 dawno\u015b\u0107 lub osoby, kt\u00f3re s\u0105 w&nbsp;nich pochowane, lub zdarzenia, z&nbsp;kt\u00f3rymi maj\u0105 zwi\u0105zek) albo warto\u015b\u0107 artystyczn\u0105 jest&nbsp;zabronione przez ustaw\u0119 o&nbsp;cmentarzach i&nbsp;chowaniu zmar\u0142ych.<\/p>\n<p>Wszystko to prawda, ale sk\u0105d zarz\u0105dcy cmentarzy maj\u0105 wiedzie\u0107, kt\u00f3re groby nale\u017c\u0105 do zas\u0142u\u017conych os\u00f3b, a&nbsp;kt\u00f3re nie? W&nbsp;przysz\u0142ym roku przypada 100. rocznica odzyskania przez Polsk\u0119 niepodleg\u0142o\u015bci oraz 100. rocznica powstania wielkopolskiego i&nbsp;warto by by\u0142o uporz\u0105dkowa\u0107 te sprawy. Brak&nbsp;dzia\u0142a\u0144 burmistrza nale\u017cy oceni\u0107 negatywnie. Podobne wykazy powstaj\u0105 w&nbsp;innych miastach, a&nbsp;od kilku lat senator Robert Gawe\u0142 z&nbsp;powodzeniem prowadzi akcj\u0119 oznaczania grob\u00f3w powsta\u0144c\u00f3w wielkopolskich. Niech\u0119\u0107 zrobienia wykazu wynika tylko z&nbsp;braku dobrej woli.&nbsp;<\/p>\n<p class=\"tytul\"><span style=\"font-size: xx-large;\" data-mce-mark=\"1\">WIDEO<\/span><\/p>\n<p><iframe loading=\"lazy\" src=\"http:\/\/www.youtube.com\/embed\/uvYyPDqFs2k\" width=\"425\" height=\"350\" frameborder=\"0\"><\/iframe><\/p>\n<p><span>\u0179r\u00f3d\u0142o nagrania: <\/span><a href=\"https:\/\/poznan.tvp.pl\/34993577\/28112017-godz1830\" rel=\"noopener nofollow\" target=\"_blank\" data-ft=\"{\" data-lynx-mode=\"async\" data-lynx-uri=\"https:\/\/l.facebook.com\/l.php?u=https%3A%2F%2Fpoznan.tvp.pl%2F34993577%2F28112017-godz1830&amp;h=ATOhOF3uJL53mf5e_6LeS8zVXf72JO0SUmv0_f2souCAnUZGmuNqJ87KNGpuRiVjM40SiwZO9WSNmJx4OTAp95WFjJpjpVHoemzlmxyb7Z866Afq90JjacUTJLaaRDCGKSdp-e6XpDRZnfVwJ102xNZFEXhg3OUMjHmYty5E7L4IuzVRxWqOMiZnwlz2JFMbXfCoSK0CN9flFwh1DhNwqDB9KPaONX1qUiOV2gi0CsCB9JBExjyoArC1S6hq8A8kv29GC4U6_KH82cmjYs4ik3omAzXRtlxWUb1gcAll\">https:\/\/poznan.tvp.pl\/34993577\/28112017-godz1830<\/a><\/p>\n","protected":false},"excerpt":{"rendered":"<p>Kilka dni przed \u015awi\u0119tem Wszystkich \u015awi\u0119tych przy grobie nale\u017c\u0105cym do&nbsp;\u015bp.&nbsp;Walentyny Wyrwas &#8211; uczestniczki strajku szkolnego z&nbsp;pocz\u0105tku XX&nbsp;wieku, pojawi\u0142a si\u0119 tabliczka z&nbsp;napisem &bdquo;Up\u0142yn\u0105\u0142 termin wa\u017cno\u015bci op\u0142aconych uprawnie\u0144&rdquo;. Wys\u0142ali\u015bmy w\u00f3wczas do burmistrza Wrze\u015bni wniosek z&nbsp;pro\u015bb\u0105 o&nbsp;zwolnienie z&nbsp;op\u0142aty za korzystanie z&nbsp;miejsca poch\u00f3wku. Gdyby&nbsp;nie&nbsp;by\u0142o takiej mo\u017cliwo\u015bci zadeklarowali\u015bmy, \u017ce stowarzyszenie Projekt&nbsp;Wrze\u015bnia pokryje z&nbsp;w\u0142asnych funduszy wymagane op\u0142aty. W swojej odpowiedzi burmistrz [&hellip;]<\/p>\n","protected":false},"author":1,"featured_media":10227,"comment_status":"open","ping_status":"open","sticky":false,"template":"","format":"standard","meta":{"_acf_changed":false,"footnotes":""},"categories":[1],"tags":[],"class_list":["post-227","post","type-post","status-publish","format-standard","has-post-thumbnail","hentry","category-uncategorized"],"acf":[],"_links":{"self":[{"href":"https:\/\/www.projektwrzesnia.pl\/wordpress\/wp-json\/wp\/v2\/posts\/227","targetHints":{"allow":["GET"]}}],"collection":[{"href":"https:\/\/www.projektwrzesnia.pl\/wordpress\/wp-json\/wp\/v2\/posts"}],"about":[{"href":"https:\/\/www.projektwrzesnia.pl\/wordpress\/wp-json\/wp\/v2\/types\/post"}],"author":[{"embeddable":true,"href":"https:\/\/www.projektwrzesnia.pl\/wordpress\/wp-json\/wp\/v2\/users\/1"}],"replies":[{"embeddable":true,"href":"https:\/\/www.projektwrzesnia.pl\/wordpress\/wp-json\/wp\/v2\/comments?post=227"}],"version-history":[{"count":0,"href":"https:\/\/www.projektwrzesnia.pl\/wordpress\/wp-json\/wp\/v2\/posts\/227\/revisions"}],"wp:featuredmedia":[{"embeddable":true,"href":"https:\/\/www.projektwrzesnia.pl\/wordpress\/wp-json\/wp\/v2\/media\/10227"}],"wp:attachment":[{"href":"https:\/\/www.projektwrzesnia.pl\/wordpress\/wp-json\/wp\/v2\/media?parent=227"}],"wp:term":[{"taxonomy":"category","embeddable":true,"href":"https:\/\/www.projektwrzesnia.pl\/wordpress\/wp-json\/wp\/v2\/categories?post=227"},{"taxonomy":"post_tag","embeddable":true,"href":"https:\/\/www.projektwrzesnia.pl\/wordpress\/wp-json\/wp\/v2\/tags?post=227"}],"curies":[{"name":"wp","href":"https:\/\/api.w.org\/{rel}","templated":true}]}}